{"id":22782,"date":"2022-11-29T08:02:00","date_gmt":"2022-11-29T07:02:00","guid":{"rendered":"https:\/\/christusnews.de\/site\/oldenburg-solidarisiert-sich-mit-protestierenden-menschen-im-iran\/"},"modified":"2022-11-30T10:17:49","modified_gmt":"2022-11-30T09:17:49","slug":"oldenburg-solidarisiert-sich-mit-protestierenden-menschen-im-iran","status":"publish","type":"post","link":"https:\/\/christusnews.de\/site\/oldenburg-solidarisiert-sich-mit-protestierenden-menschen-im-iran\/","title":{"rendered":"Oldenburg solidarisiert sich mit protestierenden Menschen im Iran"},"content":{"rendered":"<p class=\"MsoPlainText\">Oldenburg (epd). Der Oldenburger Stadtrat hat sich mit den im Iran gegen das Regime protestierenden Menschen solidarisiert. In einer am Montagabend einstimmig unterzeichneten Erkl\u00e4rung hei\u00dfe es: \u00abDer Rat der Stadt Oldenburg steht uneingeschr\u00e4nkt an der Seite der Iranerinnen und Iraner, die sich gegen das Regime erheben und f\u00fcr Freiheit und Demokratie k\u00e4mpfen\u00bb, teilte ein Sprecher der Stadt am Dienstag mit.<\/p>\n<p class=\"MsoPlainText\">&nbsp;<\/p>\n<p class=\"MsoPlainText\">Weiter hie\u00df es, der Rat k\u00f6nne und wollen nicht tatenlos dabei zusehen, \u00abwenn M\u00e4dchen, junge Frauen und M\u00e4nner, die f\u00fcr die Zukunft ihrer Generation und ihres Landes k\u00e4mpfen, der Willk\u00fcr eines brutalen Regimes zum Opfer fallen\u00bb. Oberb\u00fcrgermeister J\u00fcrgen Krogmann (SPD) kritisierte scharf das gewaltsame Vorgehen gegen die Demonstrantinnen und Demonstranten. Das \u00abv\u00f6llig unangemessene Verhalten\u00bb der Beh\u00f6rden und der Sicherheitskr\u00e4fte im Iran sei grausam und menschenverachtend zugleich und versto\u00dfe gegen die demokratischen Werte von freier Meinungs\u00e4u\u00dferung.<\/p>\n<p class=\"MsoPlainText\">&nbsp;<\/p>\n<p class=\"MsoPlainText\">Der Iran wird seit Mitte September von einer landesweiten Protestwelle ersch\u00fcttert. Ausl\u00f6ser war der Tod der 22-j\u00e4hrigen Kurdin Mahsa Amini im Polizeigewahrsam. Sie war von der sogenannten Sittenpolizei festgenommen worden, weil sie ihr Kopftuch nicht ordnungsgem\u00e4\u00df getragen haben soll. Die Beh\u00f6rden gehen mit gro\u00dfer H\u00e4rte gegen die Demonstrierenden vor: Mehr als 500 Todesf\u00e4lle stehen laut der Stadt Oldenburg nach derzeitigem Stand im Zusammenhang mit den Protesten, mehr als 14.000 Menschen wurden festgenommen.<\/p>\n<p class=\"MsoPlainText\">&nbsp;<\/p>\n<p class=\"MsoPlainText\">Krogmann betonte, Frauen und M\u00e4dchen seien die treibende Kraft der Proteste f\u00fcr einen gesellschaftlichen Wandel im Iran. Ihr Mut, Gesicht zu zeigen und das Kopftuch zu verweigern, wirke wie eine Initialz\u00fcndung, mit der sich der \u00fcber 40 Jahre aufgestaute Protest gegen das Regime entlade.<\/p>\n<p class=\"MsoPlainText\">&nbsp;<\/p>\n<p class=\"MsoPlainText\">Anl\u00e4sslich der Debatten im Deutschen Bundestag zu den Protesten im Iran und der Aktivit\u00e4ten in den Gremien des Europaparlaments begr\u00fc\u00dfe der Rat die Absicht, die Schlie\u00dfung des Islamischen Zentrums in Hamburg zu \u00fcberpr\u00fcfen, hie\u00df es weiter. Der Rat forderte zudem, die au\u00dfenpolitischen Ma\u00dfnahmen und Forderungen der Bundesregierung auf EU-Ebene wie beispielsweise die Ausweitung von Sanktionen und das Einfrieren von Verm\u00f6gen umzusetzen.<\/p>\n<p class=\"MsoPlainText\">&nbsp;<\/p>\n<p>Kirche-Oldenburg<br \/>\n<a href=\"https:\/\/www.kirche-oldenburg.de\/\/aktuell\/news-niedersachsen\/artikel\/oldenburg-solidarisiert-sich-mit-protestierenden-menschen-im-iran\" target=\"_blank\" rel=\"noopener\">Oldenburg solidarisiert sich mit protestierenden Menschen im Iran<\/a><\/p>\n","protected":false},"excerpt":{"rendered":"<p>Oldenburg (epd). Der Oldenburger Stadtrat hat sich mit den im Iran gegen das Regime protestierenden Menschen solidarisiert. In einer am Montagabend einstimmig unterzeichneten Erkl\u00e4rung hei\u00dfe es: \u00abDer Rat der Stadt Oldenburg steht uneingeschr\u00e4nkt an der Seite der Iranerinnen und Iraner, die sich gegen das Regime erheben und f\u00fcr Freiheit und Demokratie k\u00e4mpfen\u00bb, teilte ein Sprecher der Stadt am Dienstag mit. &nbsp; Weiter hie\u00df es, der Rat k\u00f6nne und wollen nicht tatenlos dabei zusehen, \u00abwenn M\u00e4dchen, junge Frauen und M\u00e4nner, die f\u00fcr die Zukunft ihrer Generation und ihres Landes k\u00e4mpfen, der Willk\u00fcr eines brutalen Regimes zum Opfer fallen\u00bb. Oberb\u00fcrgermeister J\u00fcrgen Krogmann&#8230;<\/p>\n","protected":false},"author":7,"featured_media":0,"comment_status":"false","ping_status":"open","sticky":false,"template":"","format":"standard","meta":{"footnotes":""},"categories":[43],"tags":[44],"class_list":["post-22782","post","type-post","status-publish","format-standard","hentry","category-kirche-oldenburg","tag-kirche-oldenburg"],"_links":{"self":[{"href":"https:\/\/christusnews.de\/site\/wp-json\/wp\/v2\/posts\/22782","targetHints":{"allow":["GET"]}}],"collection":[{"href":"https:\/\/christusnews.de\/site\/wp-json\/wp\/v2\/posts"}],"about":[{"href":"https:\/\/christusnews.de\/site\/wp-json\/wp\/v2\/types\/post"}],"author":[{"embeddable":true,"href":"https:\/\/christusnews.de\/site\/wp-json\/wp\/v2\/users\/7"}],"replies":[{"embeddable":true,"href":"https:\/\/christusnews.de\/site\/wp-json\/wp\/v2\/comments?post=22782"}],"version-history":[{"count":1,"href":"https:\/\/christusnews.de\/site\/wp-json\/wp\/v2\/posts\/22782\/revisions"}],"predecessor-version":[{"id":22783,"href":"https:\/\/christusnews.de\/site\/wp-json\/wp\/v2\/posts\/22782\/revisions\/22783"}],"wp:attachment":[{"href":"https:\/\/christusnews.de\/site\/wp-json\/wp\/v2\/media?parent=22782"}],"wp:term":[{"taxonomy":"category","embeddable":true,"href":"https:\/\/christusnews.de\/site\/wp-json\/wp\/v2\/categories?post=22782"},{"taxonomy":"post_tag","embeddable":true,"href":"https:\/\/christusnews.de\/site\/wp-json\/wp\/v2\/tags?post=22782"}],"curies":[{"name":"wp","href":"https:\/\/api.w.org\/{rel}","templated":true}]}}