{"id":22786,"date":"2022-11-28T08:08:00","date_gmt":"2022-11-28T07:08:00","guid":{"rendered":"https:\/\/christusnews.de\/site\/niedersachsen-will-weiter-pandemiefolgen-fuer-jugendliche-ausgleichen\/"},"modified":"2022-11-30T10:17:50","modified_gmt":"2022-11-30T09:17:50","slug":"niedersachsen-will-weiter-pandemiefolgen-fuer-jugendliche-ausgleichen","status":"publish","type":"post","link":"https:\/\/christusnews.de\/site\/niedersachsen-will-weiter-pandemiefolgen-fuer-jugendliche-ausgleichen\/","title":{"rendered":"Niedersachsen will weiter Pandemiefolgen f\u00fcr Jugendliche ausgleichen"},"content":{"rendered":"<p class=\"MsoPlainText\">Hannover (epd). Niedersachsen will weitere Mittel in die Hand nehmen, um Folgen der Corona-Pandemie f\u00fcr Kinder und Jugendliche auszugleichen. Auch in der neuen Legislaturperiode solle das Programm \u00abStartklar in die Zukunft\u00bb fortgesetzt werden, wie das Sozialministerium am Montag mitteilte. \u00abDie junge Generation hat einen enormen Beitrag zur Bew\u00e4ltigung der Corona-Pandemie geleistet und in fast allen Bereichen ihres Lebens Einschr\u00e4nkungen und Verzicht ertragen\u00bb, sagte Sozialministerin Daniela Behrens (SPD). \u00abSie hat sich trotzdem sehr verantwortungsbewusst und solidarisch verhalten.\u00bb<\/p>\n<p class=\"MsoPlainText\">&nbsp;<\/p>\n<p class=\"MsoPlainText\">Behrens reagierte auf eine am Montag ver\u00f6ffentlichte Erkl\u00e4rung des Deutschen Ethikrates. Nach den Erfahrungen in der Corona-Pandemie warnt der Ethikrat darin vor einer erneuten Benachteiligung von Kindern und Jugendlichen in der aktuellen Energiekrise. Es m\u00fcsse sichergestellt werden, dass Kinder, Jugendliche und junge Erwachsene in gesellschaftlichen Krisen nicht wieder als Erste oder in weit \u00fcberwiegendem Umfang die Lasten der Krisenbew\u00e4ltigung tragen m\u00fcssen.<\/p>\n<p class=\"MsoPlainText\">&nbsp;<\/p>\n<p class=\"MsoPlainText\">Die nieders\u00e4chsische Sozialministerin betonte: \u00abDie Interessen der Kinder und Jugendlichen m\u00fcssen daher zu Recht f\u00fcr eine generationengerechte Gesellschaft ausdr\u00fccklich ber\u00fccksichtigt werden.\u00bb Neben einer weiteren finanziellen F\u00f6rderung seien dazu mehr Einflussm\u00f6glichkeiten f\u00fcr die junge Generation wichtig. \u00abEin Wahlrecht ab 16 Jahren auf allen Ebenen ist daf\u00fcr ein wichtiger Schritt.\u00bb Sie verwies darauf, dass das Land zus\u00e4tzlich zum Bundesprogramm \u00abAufholen nach Corona\u00bb seinerseits ein 100 Millionen Euro schweres Zukunftsprogramm auf den Weg gebracht habe.<\/p>\n<p class=\"MsoPlainText\">&nbsp;<\/p>\n<p class=\"MsoPlainText\">In der Initiative \u00abStartklar in die Zukunft\u00bb hatte das Land dabei 2021 und 2022 mit 25 Millionen Euro Aktivit\u00e4ten der Kinder- und Jugendarbeit unterst\u00fctzt. \u00abDie starke Nachfrage des Programms macht auch deutlich, wie wichtig diese Ma\u00dfnahmen und deren fortlaufende F\u00f6rderung sind\u00bb, betonte Behrens.<\/p>\n<p>Kirche-Oldenburg<br \/>\n<a href=\"https:\/\/www.kirche-oldenburg.de\/\/aktuell\/news-niedersachsen\/artikel\/niedersachsen-will-weiter-pandemiefolgen-fuer-jugendliche-ausgleichen\" target=\"_blank\" rel=\"noopener\">Niedersachsen will weiter Pandemiefolgen f\u00fcr Jugendliche ausgleichen<\/a><\/p>\n","protected":false},"excerpt":{"rendered":"<p>Hannover (epd). Niedersachsen will weitere Mittel in die Hand nehmen, um Folgen der Corona-Pandemie f\u00fcr Kinder und Jugendliche auszugleichen. Auch in der neuen Legislaturperiode solle das Programm \u00abStartklar in die Zukunft\u00bb fortgesetzt werden, wie das Sozialministerium am Montag mitteilte. \u00abDie junge Generation hat einen enormen Beitrag zur Bew\u00e4ltigung der Corona-Pandemie geleistet und in fast allen Bereichen ihres Lebens Einschr\u00e4nkungen und Verzicht ertragen\u00bb, sagte Sozialministerin Daniela Behrens (SPD). \u00abSie hat sich trotzdem sehr verantwortungsbewusst und solidarisch verhalten.\u00bb &nbsp; Behrens reagierte auf eine am Montag ver\u00f6ffentlichte Erkl\u00e4rung des Deutschen Ethikrates. Nach den Erfahrungen in der Corona-Pandemie warnt der Ethikrat darin vor einer&#8230;<\/p>\n","protected":false},"author":7,"featured_media":0,"comment_status":"false","ping_status":"open","sticky":false,"template":"","format":"standard","meta":{"footnotes":""},"categories":[43],"tags":[44],"class_list":["post-22786","post","type-post","status-publish","format-standard","hentry","category-kirche-oldenburg","tag-kirche-oldenburg"],"_links":{"self":[{"href":"https:\/\/christusnews.de\/site\/wp-json\/wp\/v2\/posts\/22786","targetHints":{"allow":["GET"]}}],"collection":[{"href":"https:\/\/christusnews.de\/site\/wp-json\/wp\/v2\/posts"}],"about":[{"href":"https:\/\/christusnews.de\/site\/wp-json\/wp\/v2\/types\/post"}],"author":[{"embeddable":true,"href":"https:\/\/christusnews.de\/site\/wp-json\/wp\/v2\/users\/7"}],"replies":[{"embeddable":true,"href":"https:\/\/christusnews.de\/site\/wp-json\/wp\/v2\/comments?post=22786"}],"version-history":[{"count":1,"href":"https:\/\/christusnews.de\/site\/wp-json\/wp\/v2\/posts\/22786\/revisions"}],"predecessor-version":[{"id":22787,"href":"https:\/\/christusnews.de\/site\/wp-json\/wp\/v2\/posts\/22786\/revisions\/22787"}],"wp:attachment":[{"href":"https:\/\/christusnews.de\/site\/wp-json\/wp\/v2\/media?parent=22786"}],"wp:term":[{"taxonomy":"category","embeddable":true,"href":"https:\/\/christusnews.de\/site\/wp-json\/wp\/v2\/categories?post=22786"},{"taxonomy":"post_tag","embeddable":true,"href":"https:\/\/christusnews.de\/site\/wp-json\/wp\/v2\/tags?post=22786"}],"curies":[{"name":"wp","href":"https:\/\/api.w.org\/{rel}","templated":true}]}}