{"id":22788,"date":"2022-11-28T08:07:00","date_gmt":"2022-11-28T07:07:00","guid":{"rendered":"https:\/\/christusnews.de\/site\/krise-der-waelder-in-niedersachsen-hat-sich-verschaerft\/"},"modified":"2022-11-30T10:17:50","modified_gmt":"2022-11-30T09:17:50","slug":"krise-der-waelder-in-niedersachsen-hat-sich-verschaerft","status":"publish","type":"post","link":"https:\/\/christusnews.de\/site\/krise-der-waelder-in-niedersachsen-hat-sich-verschaerft\/","title":{"rendered":"Krise der W\u00e4lder in Niedersachsen hat sich versch\u00e4rft"},"content":{"rendered":"<p class=\"MsoPlainText\">Hannover (epd). Hitze und Trockenheit des vergangenen Sommers haben den nieders\u00e4chsischen W\u00e4ldern weiter zugesetzt. Der aktuelle Waldzustandsbericht zeige einen H\u00f6chststand an stark gesch\u00e4digten und abgestorbenen B\u00e4umen. \u00abDie Krise ist nicht nur nicht \u00fcberstanden, sondern hat sich weiter versch\u00e4rft\u00bb, sagte Niedersachsens Forstministerin Miriam Staudte (Gr\u00fcne) am Montag in Hannover bei der Vorstellung des Berichts f\u00fcr 2022.<\/p>\n<p class=\"MsoPlainText\">&nbsp;<\/p>\n<p class=\"MsoPlainText\">Der Gesundheitszustand der Waldb\u00e4ume zeige sich in den lichter werdenden Baumkronen und den vielen abgestorbenen B\u00e4umen dieses Jahres, hie\u00df es. Die Kronenverlichtung verharre auf dem hohen Niveau, das erstmals 2019 erreicht wurde. Der Anteil stark gesch\u00e4digter B\u00e4ume sei im laufenden Jahr mehr als doppelt so hoch wie im langj\u00e4hrigen Mittel. Die Absterberate sei nochmals auf 0,75 Prozent angestiegen und liege nun um das Vierfache \u00fcber dem Mittelwert seit 1984. Besonders betroffen seien Fichten.<\/p>\n<p class=\"MsoPlainText\">&nbsp;<\/p>\n<p class=\"MsoPlainText\">Staudte k\u00fcndigte an, sie wolle die Waldfl\u00e4che weiter erh\u00f6hen, um mehr klimarobuste und artenreiche Laub- und Laubmischw\u00e4lder wachsen zu lassen. Daf\u00fcr solle die Forschung an der Nordwestdeutschen Forstlichen Versuchsanstalt verst\u00e4rkt werden. Au\u00dferdem solle der klimaangepassten Waldumbau sowie die forstliche Beratung besser gef\u00f6rdert werden.<\/p>\n<p class=\"MsoPlainText\">&nbsp;<\/p>\n<p class=\"MsoPlainText\">Das Landwirtschaftsministerium ver\u00f6ffentlicht j\u00e4hrlich einen Waldzustandsbericht. Er dokumentiert die Belastungen durch sch\u00e4dliche Stoffe, Witterung und Klimawandel sowie durch sch\u00e4dliche Insekten und Pilze f\u00fcr die W\u00e4lder und die Waldb\u00f6den.<\/p>\n<p>Kirche-Oldenburg<br \/>\n<a href=\"https:\/\/www.kirche-oldenburg.de\/\/aktuell\/news-niedersachsen\/artikel\/krise-der-waelder-in-niedersachsen-hat-sich-verschaerft\" target=\"_blank\" rel=\"noopener\">Krise der W\u00e4lder in Niedersachsen hat sich versch\u00e4rft<\/a><\/p>\n","protected":false},"excerpt":{"rendered":"<p>Hannover (epd). Hitze und Trockenheit des vergangenen Sommers haben den nieders\u00e4chsischen W\u00e4ldern weiter zugesetzt. Der aktuelle Waldzustandsbericht zeige einen H\u00f6chststand an stark gesch\u00e4digten und abgestorbenen B\u00e4umen. \u00abDie Krise ist nicht nur nicht \u00fcberstanden, sondern hat sich weiter versch\u00e4rft\u00bb, sagte Niedersachsens Forstministerin Miriam Staudte (Gr\u00fcne) am Montag in Hannover bei der Vorstellung des Berichts f\u00fcr 2022. &nbsp; Der Gesundheitszustand der Waldb\u00e4ume zeige sich in den lichter werdenden Baumkronen und den vielen abgestorbenen B\u00e4umen dieses Jahres, hie\u00df es. Die Kronenverlichtung verharre auf dem hohen Niveau, das erstmals 2019 erreicht wurde. Der Anteil stark gesch\u00e4digter B\u00e4ume sei im laufenden Jahr mehr als doppelt&#8230;<\/p>\n","protected":false},"author":7,"featured_media":0,"comment_status":"false","ping_status":"open","sticky":false,"template":"","format":"standard","meta":{"footnotes":""},"categories":[43],"tags":[44],"class_list":["post-22788","post","type-post","status-publish","format-standard","hentry","category-kirche-oldenburg","tag-kirche-oldenburg"],"_links":{"self":[{"href":"https:\/\/christusnews.de\/site\/wp-json\/wp\/v2\/posts\/22788","targetHints":{"allow":["GET"]}}],"collection":[{"href":"https:\/\/christusnews.de\/site\/wp-json\/wp\/v2\/posts"}],"about":[{"href":"https:\/\/christusnews.de\/site\/wp-json\/wp\/v2\/types\/post"}],"author":[{"embeddable":true,"href":"https:\/\/christusnews.de\/site\/wp-json\/wp\/v2\/users\/7"}],"replies":[{"embeddable":true,"href":"https:\/\/christusnews.de\/site\/wp-json\/wp\/v2\/comments?post=22788"}],"version-history":[{"count":1,"href":"https:\/\/christusnews.de\/site\/wp-json\/wp\/v2\/posts\/22788\/revisions"}],"predecessor-version":[{"id":22789,"href":"https:\/\/christusnews.de\/site\/wp-json\/wp\/v2\/posts\/22788\/revisions\/22789"}],"wp:attachment":[{"href":"https:\/\/christusnews.de\/site\/wp-json\/wp\/v2\/media?parent=22788"}],"wp:term":[{"taxonomy":"category","embeddable":true,"href":"https:\/\/christusnews.de\/site\/wp-json\/wp\/v2\/categories?post=22788"},{"taxonomy":"post_tag","embeddable":true,"href":"https:\/\/christusnews.de\/site\/wp-json\/wp\/v2\/tags?post=22788"}],"curies":[{"name":"wp","href":"https:\/\/api.w.org\/{rel}","templated":true}]}}