{"id":22790,"date":"2022-11-30T21:39:52","date_gmt":"2022-11-30T20:39:52","guid":{"rendered":"https:\/\/christusnews.de\/site\/stiftung-fortschritte-bei-aids-bekaempfung-stocken-ministerin-setzt-sich-gegen-diskriminierung-betroffener-ein\/"},"modified":"2022-12-01T10:18:56","modified_gmt":"2022-12-01T09:18:56","slug":"stiftung-fortschritte-bei-aids-bekaempfung-stocken-ministerin-setzt-sich-gegen-diskriminierung-betroffener-ein","status":"publish","type":"post","link":"https:\/\/christusnews.de\/site\/stiftung-fortschritte-bei-aids-bekaempfung-stocken-ministerin-setzt-sich-gegen-diskriminierung-betroffener-ein\/","title":{"rendered":"Stiftung: Fortschritte bei Aids-Bek\u00e4mpfung stocken &#8211; Ministerin setzt sich gegen Diskriminierung Betroffener ein"},"content":{"rendered":"<p class=\"MsoPlainText\">Hannover (epd). Die Folgen der Corona-Pandemie und des Krieges in der Ukraine haben die Bek\u00e4mpfung von HIV und Aids nach Angaben der Deutschen Stiftung Weltbev\u00f6lkerung ins Stocken gebracht. Wichtige&nbsp;Behandlungs- und Pr\u00e4ventionsdienste seien unterbrochen, teilte die Stiftung am Mittwoch in Hannover mit. Unterdessen warb Niedersachsens Gesundheitsministerin Daniela Behrens (SPD) mit Blick auf den Welt-Aids-Tag am 1. Dezember f\u00fcr ein verst\u00e4ndnisvolles Miteinander mit Betroffenen. Die SPD-Fraktion im nieders\u00e4chsischen Landtag wies auf verschiedene Aktionen an diesem Tag hin, die auf das Leben und Leiden von Menschen mit HIV aufmerksam machen sollten.<\/p>\n<p class=\"MsoPlainText\">&nbsp;<\/p>\n<p class=\"MsoPlainText\">\u00abAn diesem Tag gedenken wir aller Menschen, die an HIV und Aids gestorben sind und erinnern uns daran, dass der Kampf gegen HIV und die Ausgrenzung von Betroffenen noch nicht beendet ist\u00bb, sagte Behrens. Das Wort \u00abAids\u00bb lasse viele Menschen erst einmal zusammenzucken. Doch HIV sei nicht automatisch eine t\u00f6dliche Bedrohung wie in den 1980er-Jahren. Wichtig sei Kenntnis \u00fcber eine eigene Infektion, damit diese behandelt werden k\u00f6nne. Ihr Ministerium f\u00f6rdere f\u00fcr die Jahre 2022 und 2023 mit zus\u00e4tzlichen 636.000 Euro eine Testkampagne sowie den Ausbau von Testangeboten.<\/p>\n<p class=\"MsoPlainText\">&nbsp;<\/p>\n<p class=\"MsoPlainText\">Global gesehen haben die Vereinten Nationen laut Stiftung Weltbev\u00f6lkerung mit 3,6 Prozent den geringsten R\u00fcckgang der HIV-Neuinfektionen seit 2016 verzeichnet. In den bev\u00f6lkerungsreichsten Regionen der Welt, in Asien und dem Pazifikraum, steige die Zahl der Neuinfektionen. Wo sie zuvor r\u00fcckl\u00e4ufig waren, im \u00f6stlichen und s\u00fcdlichen Afrika, habe sich der Fortschritt der letzten Jahre deutlich verlangsamt.<\/p>\n<p class=\"MsoPlainText\">&nbsp;<\/p>\n<p class=\"MsoPlainText\">Auch die Zahl der Menschen, die eine HIV-Behandlung erhalten, wuchs der Stiftung zufolge 2021 so langsam wie seit \u00fcber einem Jahrzehnt nicht mehr. Zwar h\u00e4tten drei Viertel aller HIV-Infizierten Zugang zu einer antiretroviralen Therapie, aber etwa zehn Millionen Betroffene h\u00e4tten ihn nicht. Nur die H\u00e4lfte der 1,7 Millionen Kinder, die mit HIV leben, k\u00f6nnten mit lebensrettenden Medikamenten behandelt werden.<\/p>\n<p class=\"MsoPlainText\">&nbsp;<\/p>\n<p class=\"MsoPlainText\">Dar\u00fcber hinaus seien insbesondere in Subsahara-Afrika die Zahlen der Teenager-Schwangerschaften und geschlechtsspezifischer Gewalt erheblich gestiegen. Frauen und M\u00e4dchen seien dementsprechend einem besonders hohen Risiko ausgesetzt: Bei ihnen w\u00fcrden 63 Prozent aller HIV-Neuinfektionen festgestellt, hie\u00df es weiter. \u00abIn Afrika s\u00fcdlich der Sahara ist die Gefahr, sich mit HIV zu infizieren, f\u00fcr M\u00e4dchen und junge Frauen fast dreimal so hoch wie f\u00fcr Jungen und M\u00e4nner\u00bb, sagte der Gesch\u00e4ftsf\u00fchrer der Stiftung, Jan Kreutzberg.<\/p>\n<p class=\"MsoPlainText\">&nbsp;<\/p>\n<p class=\"MsoPlainText\">Der SPD-Landtagsabgeordnete Oliver Lottke sagte, in Niedersachsen bleibe die Arbeit der Aidshilfe unerl\u00e4sslich: \u00abIm rot-gr\u00fcnen Koalitionsvertrag bekennen wir uns weiterhin zu einer ausk\u00f6mmlichen Ausstattung der Beratungsstellen, damit jede und jeder die Unterst\u00fctzung bekommt, die notwendig ist.\u00bb Ein Anliegen sei ihm auch der weitere Abbau von Vorurteilen, betonte Lottke: \u00abAuch nach Jahrzehnten sind HIV-positive Menschen leider noch h\u00e4ufig Diffamierungen ausgesetzt. Dagegen stellen wir uns in jeder Form.\u00bb<\/p>\n<p>Kirche-Oldenburg<br \/>\n<a href=\"https:\/\/www.kirche-oldenburg.de\/\/aktuell\/news-niedersachsen\/artikel\/stiftung-fortschritte-bei-aids-bekaempfung-stocken-ministerin-setzt-sich-gegen-diskriminierung-betroffener-ein\" target=\"_blank\" rel=\"noopener\">Stiftung: Fortschritte bei Aids-Bek\u00e4mpfung stocken &#8211; Ministerin setzt sich gegen Diskriminierung Betroffener ein<\/a><\/p>\n","protected":false},"excerpt":{"rendered":"<p>Hannover (epd). Die Folgen der Corona-Pandemie und des Krieges in der Ukraine haben die Bek\u00e4mpfung von HIV und Aids nach Angaben der Deutschen Stiftung Weltbev\u00f6lkerung ins Stocken gebracht. Wichtige&nbsp;Behandlungs- und Pr\u00e4ventionsdienste seien unterbrochen, teilte die Stiftung am Mittwoch in Hannover mit. Unterdessen warb Niedersachsens Gesundheitsministerin Daniela Behrens (SPD) mit Blick auf den Welt-Aids-Tag am 1. Dezember f\u00fcr ein verst\u00e4ndnisvolles Miteinander mit Betroffenen. Die SPD-Fraktion im nieders\u00e4chsischen Landtag wies auf verschiedene Aktionen an diesem Tag hin, die auf das Leben und Leiden von Menschen mit HIV aufmerksam machen sollten. &nbsp; \u00abAn diesem Tag gedenken wir aller Menschen, die an HIV und&#8230;<\/p>\n","protected":false},"author":7,"featured_media":0,"comment_status":"false","ping_status":"open","sticky":false,"template":"","format":"standard","meta":{"footnotes":""},"categories":[43],"tags":[44],"class_list":["post-22790","post","type-post","status-publish","format-standard","hentry","category-kirche-oldenburg","tag-kirche-oldenburg"],"_links":{"self":[{"href":"https:\/\/christusnews.de\/site\/wp-json\/wp\/v2\/posts\/22790","targetHints":{"allow":["GET"]}}],"collection":[{"href":"https:\/\/christusnews.de\/site\/wp-json\/wp\/v2\/posts"}],"about":[{"href":"https:\/\/christusnews.de\/site\/wp-json\/wp\/v2\/types\/post"}],"author":[{"embeddable":true,"href":"https:\/\/christusnews.de\/site\/wp-json\/wp\/v2\/users\/7"}],"replies":[{"embeddable":true,"href":"https:\/\/christusnews.de\/site\/wp-json\/wp\/v2\/comments?post=22790"}],"version-history":[{"count":1,"href":"https:\/\/christusnews.de\/site\/wp-json\/wp\/v2\/posts\/22790\/revisions"}],"predecessor-version":[{"id":22791,"href":"https:\/\/christusnews.de\/site\/wp-json\/wp\/v2\/posts\/22790\/revisions\/22791"}],"wp:attachment":[{"href":"https:\/\/christusnews.de\/site\/wp-json\/wp\/v2\/media?parent=22790"}],"wp:term":[{"taxonomy":"category","embeddable":true,"href":"https:\/\/christusnews.de\/site\/wp-json\/wp\/v2\/categories?post=22790"},{"taxonomy":"post_tag","embeddable":true,"href":"https:\/\/christusnews.de\/site\/wp-json\/wp\/v2\/tags?post=22790"}],"curies":[{"name":"wp","href":"https:\/\/api.w.org\/{rel}","templated":true}]}}