{"id":22794,"date":"2022-12-01T09:35:00","date_gmt":"2022-12-01T08:35:00","guid":{"rendered":"https:\/\/christusnews.de\/site\/landesmuseum-erweitert-expressionismus-sammlung\/"},"modified":"2022-12-02T10:17:26","modified_gmt":"2022-12-02T09:17:26","slug":"landesmuseum-erweitert-expressionismus-sammlung","status":"publish","type":"post","link":"https:\/\/christusnews.de\/site\/landesmuseum-erweitert-expressionismus-sammlung\/","title":{"rendered":"Landesmuseum erweitert Expressionismus-Sammlung"},"content":{"rendered":"<p class=\"MsoPlainText\">Oldenburg (epd). Das Landesmuseum f\u00fcr Kunst und Kulturgeschichte in Oldenburg hat seine Sammlung expressionistischer Gem\u00e4lde um ein bedeutendes Werk erweitert. Auf einer Berliner Auktion konnte es das Bild \u00abStillleben mit Kakteen\u00bb der in Hannover geborenen Malerin Martel Schwichtenberg (1896-1945) erwerben, wie das Museum am Donnerstag mitteilte. Das farbstarke Bild aus dem Jahr 1920 bereichere nun die Galerie Neue Meister im Oldenburger Prinzenpalais, hie\u00df es. Es konnte dank eines Verm\u00e4chtnisses angekauft werden.<\/p>\n<p class=\"MsoPlainText\">&nbsp;<\/p>\n<p class=\"MsoPlainText\">Von Martel Schwichtenberg besitzt das Museum bereits ein weiteres Gem\u00e4lde sowie kolorierte Holzschnitte. Das Stillleben mit den Kakteen sei ein Wunschbild f\u00fcr die Sammlung gewesen, erl\u00e4uterte Museumsdirektor Rainer Stamm. Es geh\u00f6re nicht nur zu den kraftvollsten Gem\u00e4lden von Martel Schwichtenberg, sondern zeuge auch von ihrer Begeisterung f\u00fcr den Kaktus als Emblempflanze der Moderne.<\/p>\n<p class=\"MsoPlainText\">&nbsp;<\/p>\n<p class=\"MsoPlainText\">\u00abEs erg\u00e4nzt die Auswahl herausragender Werke des Expressionismus hervorragend\u00bb, betonte Stamm. Das Museum besitzt bereits Werke bedeutender Malerinnen wie Paula Modersohn-Becker, K\u00e4the Kollwitz, Gabriele M\u00fcnter und Emma Ritter.<\/p>\n<p class=\"MsoPlainText\">&nbsp;<\/p>\n<p class=\"MsoPlainText\">Schwichtenberg lernte ab 1914 Malen und Zeichnen in D\u00fcsseldorf und studierte die Werke der damaligen Avantgarde. In Hannover wurde sie Mitarbeiterin des Architekten Bernhard Hoetger und arbeitete f\u00fcr das Backwaren-Unternehmen Bahlsen. 1933 wanderte sie nach S\u00fcdafrika aus. Ein Brand vernichtete dort 400 ihrer Werke. Nach ihrer R\u00fcckkehr nach Deutschland 1939 k\u00e4mpfte sie mit Depressionen und Alkoholsucht und starb schlie\u00dflich 1945 an Krebs.<\/p>\n<p class=\"MsoPlainText\">&nbsp;<\/p>\n<p>Kirche-Oldenburg<br \/>\n<a href=\"https:\/\/www.kirche-oldenburg.de\/\/aktuell\/news-niedersachsen\/artikel\/landesmuseum-erweitert-expressionismus-sammlung\" target=\"_blank\" rel=\"noopener\">Landesmuseum erweitert Expressionismus-Sammlung<\/a><\/p>\n","protected":false},"excerpt":{"rendered":"<p>Oldenburg (epd). Das Landesmuseum f\u00fcr Kunst und Kulturgeschichte in Oldenburg hat seine Sammlung expressionistischer Gem\u00e4lde um ein bedeutendes Werk erweitert. Auf einer Berliner Auktion konnte es das Bild \u00abStillleben mit Kakteen\u00bb der in Hannover geborenen Malerin Martel Schwichtenberg (1896-1945) erwerben, wie das Museum am Donnerstag mitteilte. Das farbstarke Bild aus dem Jahr 1920 bereichere nun die Galerie Neue Meister im Oldenburger Prinzenpalais, hie\u00df es. Es konnte dank eines Verm\u00e4chtnisses angekauft werden. &nbsp; Von Martel Schwichtenberg besitzt das Museum bereits ein weiteres Gem\u00e4lde sowie kolorierte Holzschnitte. Das Stillleben mit den Kakteen sei ein Wunschbild f\u00fcr die Sammlung gewesen, erl\u00e4uterte Museumsdirektor Rainer&#8230;<\/p>\n","protected":false},"author":7,"featured_media":0,"comment_status":"false","ping_status":"open","sticky":false,"template":"","format":"standard","meta":{"footnotes":""},"categories":[43],"tags":[44],"class_list":["post-22794","post","type-post","status-publish","format-standard","hentry","category-kirche-oldenburg","tag-kirche-oldenburg"],"_links":{"self":[{"href":"https:\/\/christusnews.de\/site\/wp-json\/wp\/v2\/posts\/22794","targetHints":{"allow":["GET"]}}],"collection":[{"href":"https:\/\/christusnews.de\/site\/wp-json\/wp\/v2\/posts"}],"about":[{"href":"https:\/\/christusnews.de\/site\/wp-json\/wp\/v2\/types\/post"}],"author":[{"embeddable":true,"href":"https:\/\/christusnews.de\/site\/wp-json\/wp\/v2\/users\/7"}],"replies":[{"embeddable":true,"href":"https:\/\/christusnews.de\/site\/wp-json\/wp\/v2\/comments?post=22794"}],"version-history":[{"count":1,"href":"https:\/\/christusnews.de\/site\/wp-json\/wp\/v2\/posts\/22794\/revisions"}],"predecessor-version":[{"id":22795,"href":"https:\/\/christusnews.de\/site\/wp-json\/wp\/v2\/posts\/22794\/revisions\/22795"}],"wp:attachment":[{"href":"https:\/\/christusnews.de\/site\/wp-json\/wp\/v2\/media?parent=22794"}],"wp:term":[{"taxonomy":"category","embeddable":true,"href":"https:\/\/christusnews.de\/site\/wp-json\/wp\/v2\/categories?post=22794"},{"taxonomy":"post_tag","embeddable":true,"href":"https:\/\/christusnews.de\/site\/wp-json\/wp\/v2\/tags?post=22794"}],"curies":[{"name":"wp","href":"https:\/\/api.w.org\/{rel}","templated":true}]}}