{"id":22796,"date":"2022-12-01T09:34:00","date_gmt":"2022-12-01T08:34:00","guid":{"rendered":"https:\/\/christusnews.de\/site\/inhaftierte-delegations-begleiter-in-indien-wieder-auf-freiem-fuss\/"},"modified":"2022-12-02T10:17:28","modified_gmt":"2022-12-02T09:17:28","slug":"inhaftierte-delegations-begleiter-in-indien-wieder-auf-freiem-fuss","status":"publish","type":"post","link":"https:\/\/christusnews.de\/site\/inhaftierte-delegations-begleiter-in-indien-wieder-auf-freiem-fuss\/","title":{"rendered":"Inhaftierte Delegations-Begleiter in Indien wieder auf freiem Fu\u00df"},"content":{"rendered":"<p class=\"MsoPlainText\">Emden\/Berlin (epd). Die beim Besuch einer deutschen Kirchendelegation im indischen Bundesstaat Assam festgenommenen indischen Staatsangeh\u00f6rigen sind offenbar wieder auf freiem Fu\u00df. Sie seien nach vier Wochen im Gef\u00e4ngnis gegen Kaution entlassen worden, teilte am Donnerstag die in Berlin ans\u00e4ssige Gossner Mission mit. Dabei handelt es sich um einen lokalen Mitarbeiter der Gossner Mission und einen Pfarrer. Sie hatten eine Delegation des evangelischen Kirchenkreises Emden-Leer und des Missionswerkes begleitet.<\/p>\n<p class=\"MsoPlainText\">&nbsp;<\/p>\n<p class=\"MsoPlainText\">Der Gruppe waren Visa-Vergehen zur Last gelegt worden. W\u00e4hrend die Delegation des Landes verwiesen wurde, mussten die beiden indischen Begleiter in Haft. Ihnen wurde nach Angaben der Gossner Mission \u00abKonspiration gegen den Staat\u00bb und \u00abSt\u00f6rung des gesellschaftlichen Friedens\u00bb vorgeworfen.<\/p>\n<p class=\"MsoPlainText\">&nbsp;<\/p>\n<p class=\"MsoPlainText\">Die Delegation hat nach den Worten von Gossner-Direktor Christian Reiser in Assam normale kirchliche Kontakte gepflegt. Sie habe Gemeinden und soziale Projekte der indischen Partnerkirche besucht: \u00abAll das, was jahrzehntelang m\u00f6glich war.\u00bb Offenbar d\u00fcrften nun jedoch mit Touristen-Visa nicht einmal mehr Gottesdienste besucht werden. \u00abDenn dies bewerten die indischen Beh\u00f6rden anscheinend als missionarische Veranstaltung.\u00bb Noch wisse man nicht, wie die Partnerschaftsarbeit weitergehen werde.<\/p>\n<p class=\"MsoPlainText\">&nbsp;<\/p>\n<p class=\"MsoPlainText\">Nach der Ausweisung hatte die Deutsche Botschaft in Neu-Delhi dem Generalsekret\u00e4r der Nationalen Menschenrechtskommission Indiens die Besorgnis der Bundesregierung \u00fcber den Vorfall \u00fcbermittelt und Mitglieder der Delegation konsularisch beraten. Auch die evangelischen Landeskirchen Hannovers und Berlin-Brandenburgs sowie Bundestagsabgeordnete hatten sich eingeschaltet.<\/p>\n<p class=\"MsoPlainText\">&nbsp;<\/p>\n<p class=\"MsoPlainText\">\u00abNun sind wir erst einmal sehr erleichtert\u00bb, sagte Reiser. Die Mission unterh\u00e4lt eigenen Angaben zufolge eine enge Partnerschaft zur indischen Evangelisch-lutherischen Gossner Kirche in Chotanagpur und Assam.<\/p>\n<p>Kirche-Oldenburg<br \/>\n<a href=\"https:\/\/www.kirche-oldenburg.de\/\/aktuell\/news-niedersachsen\/artikel\/inhaftierte-delegations-begleiter-in-indien-wieder-auf-freiem-fuss\" target=\"_blank\" rel=\"noopener\">Inhaftierte Delegations-Begleiter in Indien wieder auf freiem Fu\u00df<\/a><\/p>\n","protected":false},"excerpt":{"rendered":"<p>Emden\/Berlin (epd). Die beim Besuch einer deutschen Kirchendelegation im indischen Bundesstaat Assam festgenommenen indischen Staatsangeh\u00f6rigen sind offenbar wieder auf freiem Fu\u00df. Sie seien nach vier Wochen im Gef\u00e4ngnis gegen Kaution entlassen worden, teilte am Donnerstag die in Berlin ans\u00e4ssige Gossner Mission mit. Dabei handelt es sich um einen lokalen Mitarbeiter der Gossner Mission und einen Pfarrer. Sie hatten eine Delegation des evangelischen Kirchenkreises Emden-Leer und des Missionswerkes begleitet. &nbsp; Der Gruppe waren Visa-Vergehen zur Last gelegt worden. W\u00e4hrend die Delegation des Landes verwiesen wurde, mussten die beiden indischen Begleiter in Haft. Ihnen wurde nach Angaben der Gossner Mission \u00abKonspiration gegen&#8230;<\/p>\n","protected":false},"author":7,"featured_media":0,"comment_status":"false","ping_status":"open","sticky":false,"template":"","format":"standard","meta":{"footnotes":""},"categories":[43],"tags":[44],"class_list":["post-22796","post","type-post","status-publish","format-standard","hentry","category-kirche-oldenburg","tag-kirche-oldenburg"],"_links":{"self":[{"href":"https:\/\/christusnews.de\/site\/wp-json\/wp\/v2\/posts\/22796","targetHints":{"allow":["GET"]}}],"collection":[{"href":"https:\/\/christusnews.de\/site\/wp-json\/wp\/v2\/posts"}],"about":[{"href":"https:\/\/christusnews.de\/site\/wp-json\/wp\/v2\/types\/post"}],"author":[{"embeddable":true,"href":"https:\/\/christusnews.de\/site\/wp-json\/wp\/v2\/users\/7"}],"replies":[{"embeddable":true,"href":"https:\/\/christusnews.de\/site\/wp-json\/wp\/v2\/comments?post=22796"}],"version-history":[{"count":1,"href":"https:\/\/christusnews.de\/site\/wp-json\/wp\/v2\/posts\/22796\/revisions"}],"predecessor-version":[{"id":22797,"href":"https:\/\/christusnews.de\/site\/wp-json\/wp\/v2\/posts\/22796\/revisions\/22797"}],"wp:attachment":[{"href":"https:\/\/christusnews.de\/site\/wp-json\/wp\/v2\/media?parent=22796"}],"wp:term":[{"taxonomy":"category","embeddable":true,"href":"https:\/\/christusnews.de\/site\/wp-json\/wp\/v2\/categories?post=22796"},{"taxonomy":"post_tag","embeddable":true,"href":"https:\/\/christusnews.de\/site\/wp-json\/wp\/v2\/tags?post=22796"}],"curies":[{"name":"wp","href":"https:\/\/api.w.org\/{rel}","templated":true}]}}