{"id":22804,"date":"2022-12-03T02:58:00","date_gmt":"2022-12-03T01:58:00","guid":{"rendered":"https:\/\/christusnews.de\/site\/waerme-und-willkommen-in-oldenburg\/"},"modified":"2022-12-04T10:17:20","modified_gmt":"2022-12-04T09:17:20","slug":"waerme-und-willkommen-in-oldenburg","status":"publish","type":"post","link":"https:\/\/christusnews.de\/site\/waerme-und-willkommen-in-oldenburg\/","title":{"rendered":"W\u00e4rme und Willkommen in Oldenburg"},"content":{"rendered":"<p>Die Evangelische Kirche in Deutschland (EKD) und Diakonie Deutschland haben unter dem Stichwort \u201eW\u00e4rmewinter\u201c dazu aufgerufen, gef\u00e4hrdete Gruppen und Menschen in prek\u00e4ren Lebenssituationen zu unterst\u00fctzen. In diesen Zeiten von hohen Energiekosten soll gepr\u00fcft werden, wo Orte eingerichtet werden k\u00f6nnen oder schon bestehen, die W\u00e4rme bieten. Und dabei ist durchaus beides gemeint, \u00e4u\u00dfere wie innere W\u00e4rme.&nbsp;<\/p>\n<p>Die evangelischen Kirchengemeinden und diakonische Einrichtungen in der Stadt Oldenburg weisen daher auf ihre Aufw\u00e4rmangebote hin. Das Gemeindehaus in Kreyenbr\u00fcck an der Pasteurstr. 5 ist montags, dienstags und donnerstags von 8-16 Uhr ge\u00f6ffnet, au\u00dferdem mittwochs und freitags von 8-12 Uhr.&nbsp;<\/p>\n<p>Die \u201eW\u00e4rmestube Nikolai\u201c im Gemeindehaus der Nikolaikirche in Eversten (Hundsm\u00fchlerstra\u00dfe 111) wurde neu eingerichtet: Hier k\u00f6nnen Handarbeiten oder auch der Laptop mitgebracht werden. Es kann gespielt oder eine Tasse Tee oder Kaffee getrunken werden: Immer dienstags und donnerstags von 15-17:30 Uhr.<\/p>\n<p>Mittwochs von 17-18:30 Uhr besteht das gleiche Angebot im Gemeindehaus der Kirchengemeinde Eversten in der Zietenstr. 8 und freitags im Gemeindehaus an der Eupener Str. 4 beim Begegnungscaf\u00e9.<\/p>\n<p>Die Tagesaufenthalte der Diakonie an der Bloherfelder Str. 7 und der Cloppenburger Str. 35 sind montags, dienstags, donnerstags und freitags von 9-16:30 Uhr ge\u00f6ffnet und mittwochs von 10-16 Uhr.&nbsp;<\/p>\n<p>Der Tagesaufenthalt an der Cloppenburger Stra\u00dfe \u00f6ffnet zus\u00e4tzlich samstags von 10-15 Uhr seine T\u00fcren.&nbsp;<\/p>\n<p>Auch in der Bahnhofsmission im Hauptbahnhof gibt es f\u00fcr alle Menschen ein warmes Willkommen, immer wochentags von 9-17 Uhr.<\/p>\n<p>Zu den Feiertagen wird es besondere \u00d6ffnungszeiten geben.&nbsp;<\/p>\n<p>Herzliche Einladung an alle, W\u00e4rme zu teilen.<\/p>\n<p>Pastorin Anja Kramer<br \/>\nKreisdiakoniepfarrerin<br \/>\nEupener Str. 6<br \/>\n26127 Oldenburg<br \/>\nTel.: 0441\/ 9572898<br \/>\n&nbsp;<\/p>\n<p>Kirche-Oldenburg<br \/>\n<a href=\"https:\/\/www.kirche-oldenburg.de\/\/aktuell\/aus-den-kirchenkreisen\/artikel\/waerme-und-willkommen-in-oldenburg\" target=\"_blank\" rel=\"noopener\">W\u00e4rme und Willkommen in Oldenburg<\/a><\/p>\n","protected":false},"excerpt":{"rendered":"<p>Die Evangelische Kirche in Deutschland (EKD) und Diakonie Deutschland haben unter dem Stichwort \u201eW\u00e4rmewinter\u201c dazu aufgerufen, gef\u00e4hrdete Gruppen und Menschen in prek\u00e4ren Lebenssituationen zu unterst\u00fctzen. In diesen Zeiten von hohen Energiekosten soll gepr\u00fcft werden, wo Orte eingerichtet werden k\u00f6nnen oder schon bestehen, die W\u00e4rme bieten. Und dabei ist durchaus beides gemeint, \u00e4u\u00dfere wie innere W\u00e4rme.&nbsp; Die evangelischen Kirchengemeinden und diakonische Einrichtungen in der Stadt Oldenburg weisen daher auf ihre Aufw\u00e4rmangebote hin. Das Gemeindehaus in Kreyenbr\u00fcck an der Pasteurstr. 5 ist montags, dienstags und donnerstags von 8-16 Uhr ge\u00f6ffnet, au\u00dferdem mittwochs und freitags von 8-12 Uhr.&nbsp; Die \u201eW\u00e4rmestube Nikolai\u201c im Gemeindehaus&#8230;<\/p>\n","protected":false},"author":7,"featured_media":0,"comment_status":"false","ping_status":"open","sticky":false,"template":"","format":"standard","meta":{"footnotes":""},"categories":[43],"tags":[44],"class_list":["post-22804","post","type-post","status-publish","format-standard","hentry","category-kirche-oldenburg","tag-kirche-oldenburg"],"_links":{"self":[{"href":"https:\/\/christusnews.de\/site\/wp-json\/wp\/v2\/posts\/22804","targetHints":{"allow":["GET"]}}],"collection":[{"href":"https:\/\/christusnews.de\/site\/wp-json\/wp\/v2\/posts"}],"about":[{"href":"https:\/\/christusnews.de\/site\/wp-json\/wp\/v2\/types\/post"}],"author":[{"embeddable":true,"href":"https:\/\/christusnews.de\/site\/wp-json\/wp\/v2\/users\/7"}],"replies":[{"embeddable":true,"href":"https:\/\/christusnews.de\/site\/wp-json\/wp\/v2\/comments?post=22804"}],"version-history":[{"count":1,"href":"https:\/\/christusnews.de\/site\/wp-json\/wp\/v2\/posts\/22804\/revisions"}],"predecessor-version":[{"id":22805,"href":"https:\/\/christusnews.de\/site\/wp-json\/wp\/v2\/posts\/22804\/revisions\/22805"}],"wp:attachment":[{"href":"https:\/\/christusnews.de\/site\/wp-json\/wp\/v2\/media?parent=22804"}],"wp:term":[{"taxonomy":"category","embeddable":true,"href":"https:\/\/christusnews.de\/site\/wp-json\/wp\/v2\/categories?post=22804"},{"taxonomy":"post_tag","embeddable":true,"href":"https:\/\/christusnews.de\/site\/wp-json\/wp\/v2\/tags?post=22804"}],"curies":[{"name":"wp","href":"https:\/\/api.w.org\/{rel}","templated":true}]}}