{"id":22809,"date":"2022-12-05T10:00:00","date_gmt":"2022-12-05T09:00:00","guid":{"rendered":"https:\/\/christusnews.de\/site\/?p=22809"},"modified":"2022-12-04T16:25:20","modified_gmt":"2022-12-04T15:25:20","slug":"seht-auf-und-erhebt-eure-haeupter-weil-sich-eure-erloesung-naht","status":"publish","type":"post","link":"https:\/\/christusnews.de\/site\/seht-auf-und-erhebt-eure-haeupter-weil-sich-eure-erloesung-naht\/","title":{"rendered":"Seht auf und erhebt eure H\u00e4upter, weil sich eure Erl\u00f6sung naht!"},"content":{"rendered":"\n<p>&#8220;Seht auf und erhebt eure H\u00e4upter, weil sich eure Erl\u00f6sung naht!&#8221;<\/p>\n\n\n\n<p>Dieser Spruch f\u00fcr den 2. Advent besch\u00e4ftigt mich in dieser Woche ganz besonders.<\/p>\n\n\n\n<p>Manchmal schaue ich in den Spiegel und ertappe mich dabei, wie ich den Kopf wieder mal h\u00e4ngen lasse. Irgendwie traurig sieht der aus, der mir da entgegenguckt. Ich wundere mich und sage mir selbst: Kopf hoch! Aufrecht! Fr\u00f6hlich und strahlend durch die Welt gehen! Das h\u00e4lt dann aber nur zwei Minuten, bis ich nicht mehr dran denke und den Kopf wieder h\u00e4ngen lasse. Der K\u00f6rper l\u00e4sst sich eben nicht \u00fcberlisten.<\/p>\n\n\n\n<p>Da ist der Wochenspruch aus dem Lukasevangelium ein gro\u00dfer Trost: &#8220;Seht auf und erhebt eure H\u00e4upter, weil sich eure Erl\u00f6sung naht!&#8221; Das sind nicht nur aufmunternde Worte \u2013 erhebt eure H\u00e4upter, Kopf hoch! Das bedeutet f\u00fcr mich: Es ist Gott nicht egal, wie es mir geht \u2013 Er will, dass ich aufrecht durchs Leben gehe. Gott will mir helfen, dass mir das Leben wieder Freude macht.<\/p>\n\n\n\n<p>Wie er das macht? Das ist das gro\u00dfe Geheimnis, dem wir uns im Advent immer mehr ann\u00e4hern.<\/p>\n\n\n\n<p><\/p>\n\n\n\n<blockquote class=\"wp-block-quote is-layout-flow wp-block-quote-is-layout-flow\">\n<p><strong>Jan-Christian Buchwitz, Pastor der Kirchengemeinde Schortens<\/strong>, <em>gesprochen von Annika Kaehler<\/em><br>H<em>\u00f6ren Sie diesen Beitrag bei Radio Jade:<\/em><br><a rel=\"noreferrer noopener\" href=\"http:\/\/www.radio-jade.de\/mediathek\/angedacht\/\" target=\"_blank\"><em>Alle Beitr\u00e4ge im \u00dcberblick | RADIO JADE<\/em><\/a><\/p>\n<\/blockquote>\n","protected":false},"excerpt":{"rendered":"<p>&#8220;Seht auf und erhebt eure H\u00e4upter, weil sich eure Erl\u00f6sung naht!&#8221; Dieser Spruch f\u00fcr den 2. Advent besch\u00e4ftigt mich in dieser Woche ganz besonders. Manchmal schaue ich in den Spiegel und ertappe mich dabei, wie ich den Kopf wieder mal h\u00e4ngen lasse. Irgendwie traurig sieht der aus, der mir da entgegenguckt. Ich wundere mich und sage mir selbst: Kopf hoch! Aufrecht! Fr\u00f6hlich und strahlend durch die Welt gehen! Das h\u00e4lt dann aber nur zwei Minuten, bis ich nicht mehr dran denke und den Kopf wieder h\u00e4ngen lasse. Der K\u00f6rper l\u00e4sst sich eben nicht \u00fcberlisten. Da ist der Wochenspruch aus dem&#8230;<\/p>\n","protected":false},"author":6,"featured_media":1171,"comment_status":"closed","ping_status":"open","sticky":false,"template":"","format":"standard","meta":{"footnotes":""},"categories":[5],"tags":[],"class_list":["post-22809","post","type-post","status-publish","format-standard","has-post-thumbnail","hentry","category-angedacht"],"_links":{"self":[{"href":"https:\/\/christusnews.de\/site\/wp-json\/wp\/v2\/posts\/22809","targetHints":{"allow":["GET"]}}],"collection":[{"href":"https:\/\/christusnews.de\/site\/wp-json\/wp\/v2\/posts"}],"about":[{"href":"https:\/\/christusnews.de\/site\/wp-json\/wp\/v2\/types\/post"}],"author":[{"embeddable":true,"href":"https:\/\/christusnews.de\/site\/wp-json\/wp\/v2\/users\/6"}],"replies":[{"embeddable":true,"href":"https:\/\/christusnews.de\/site\/wp-json\/wp\/v2\/comments?post=22809"}],"version-history":[{"count":1,"href":"https:\/\/christusnews.de\/site\/wp-json\/wp\/v2\/posts\/22809\/revisions"}],"predecessor-version":[{"id":22810,"href":"https:\/\/christusnews.de\/site\/wp-json\/wp\/v2\/posts\/22809\/revisions\/22810"}],"wp:featuredmedia":[{"embeddable":true,"href":"https:\/\/christusnews.de\/site\/wp-json\/wp\/v2\/media\/1171"}],"wp:attachment":[{"href":"https:\/\/christusnews.de\/site\/wp-json\/wp\/v2\/media?parent=22809"}],"wp:term":[{"taxonomy":"category","embeddable":true,"href":"https:\/\/christusnews.de\/site\/wp-json\/wp\/v2\/categories?post=22809"},{"taxonomy":"post_tag","embeddable":true,"href":"https:\/\/christusnews.de\/site\/wp-json\/wp\/v2\/tags?post=22809"}],"curies":[{"name":"wp","href":"https:\/\/api.w.org\/{rel}","templated":true}]}}