{"id":22818,"date":"2022-12-09T10:00:00","date_gmt":"2022-12-09T09:00:00","guid":{"rendered":"https:\/\/christusnews.de\/site\/?p=22818"},"modified":"2022-12-04T16:28:43","modified_gmt":"2022-12-04T15:28:43","slug":"im-advent","status":"publish","type":"post","link":"https:\/\/christusnews.de\/site\/im-advent\/","title":{"rendered":"Im Advent"},"content":{"rendered":"\n<p>Im Advent warten wir auf die Erl\u00f6sung und bereiten uns auf die Ankunft Gottes in unserem Leben, in unserer Welt vor. Heute m\u00f6chte ich von einem Menschen erz\u00e4hlen, der vorgelebt hat, was es hei\u00dft, erl\u00f6st zu sein. Seine Lebensgeschichte hat mich tief beeindruckt. Wladimir Lindenberg war Arzt und orthodoxer Christ. Im Dritten Reich geriet er ins Visier der GeStaPo, weil er immer wieder deutlich gemacht hatte, dass er mit dem Nazi-Regime nicht einverstanden war. Eines Tages wurde er gefangengenommen und sollte die Namen seiner Freunde herausgeben, die genauso dachten wie er. Als er sich weigerte, wurde er in Dunkelhaft gesteckt: viele Tage ohne Licht. Wo andere ihren Verstand verloren hatten, da blieb Lindenberg ganz ruhig. Er wusste sich von Gott beh\u00fctet, nutzte die Zeit f\u00fcr Gebet und Meditation und verlor schlie\u00dflich auch den Groll gegen die, die ihn verfolgten. Nie lie\u00df er sich von seinem unersch\u00fctterlichen Glauben an Gott abbringen.<\/p>\n\n\n\n<p>Sein Vorbild habe ich vor Augen, wenn ich den Wochenspruch h\u00f6re: \u201eSeht auf und erhebt eure H\u00e4upter, weil sich eure Erl\u00f6sung naht!\u201c<\/p>\n\n\n\n<p><\/p>\n\n\n\n<blockquote class=\"wp-block-quote is-layout-flow wp-block-quote-is-layout-flow\">\n<p><strong>Jan-Christian Buchwitz, Pastor der Kirchengemeinde Schortens<\/strong>, <em>gesprochen von Annika Kaehler<\/em><br>H<em>\u00f6ren Sie diesen Beitrag bei Radio Jade:<\/em><br><a rel=\"noreferrer noopener\" href=\"http:\/\/www.radio-jade.de\/mediathek\/angedacht\/\" target=\"_blank\"><em>Alle Beitr\u00e4ge im \u00dcberblick | RADIO JADE<\/em><\/a><\/p>\n<\/blockquote>\n","protected":false},"excerpt":{"rendered":"<p>Im Advent warten wir auf die Erl\u00f6sung und bereiten uns auf die Ankunft Gottes in unserem Leben, in unserer Welt vor. Heute m\u00f6chte ich von einem Menschen erz\u00e4hlen, der vorgelebt hat, was es hei\u00dft, erl\u00f6st zu sein. Seine Lebensgeschichte hat mich tief beeindruckt. Wladimir Lindenberg war Arzt und orthodoxer Christ. Im Dritten Reich geriet er ins Visier der GeStaPo, weil er immer wieder deutlich gemacht hatte, dass er mit dem Nazi-Regime nicht einverstanden war. Eines Tages wurde er gefangengenommen und sollte die Namen seiner Freunde herausgeben, die genauso dachten wie er. Als er sich weigerte, wurde er in Dunkelhaft gesteckt:&#8230;<\/p>\n","protected":false},"author":6,"featured_media":1171,"comment_status":"closed","ping_status":"open","sticky":false,"template":"","format":"standard","meta":{"footnotes":""},"categories":[5],"tags":[],"class_list":["post-22818","post","type-post","status-publish","format-standard","has-post-thumbnail","hentry","category-angedacht"],"_links":{"self":[{"href":"https:\/\/christusnews.de\/site\/wp-json\/wp\/v2\/posts\/22818","targetHints":{"allow":["GET"]}}],"collection":[{"href":"https:\/\/christusnews.de\/site\/wp-json\/wp\/v2\/posts"}],"about":[{"href":"https:\/\/christusnews.de\/site\/wp-json\/wp\/v2\/types\/post"}],"author":[{"embeddable":true,"href":"https:\/\/christusnews.de\/site\/wp-json\/wp\/v2\/users\/6"}],"replies":[{"embeddable":true,"href":"https:\/\/christusnews.de\/site\/wp-json\/wp\/v2\/comments?post=22818"}],"version-history":[{"count":1,"href":"https:\/\/christusnews.de\/site\/wp-json\/wp\/v2\/posts\/22818\/revisions"}],"predecessor-version":[{"id":22819,"href":"https:\/\/christusnews.de\/site\/wp-json\/wp\/v2\/posts\/22818\/revisions\/22819"}],"wp:featuredmedia":[{"embeddable":true,"href":"https:\/\/christusnews.de\/site\/wp-json\/wp\/v2\/media\/1171"}],"wp:attachment":[{"href":"https:\/\/christusnews.de\/site\/wp-json\/wp\/v2\/media?parent=22818"}],"wp:term":[{"taxonomy":"category","embeddable":true,"href":"https:\/\/christusnews.de\/site\/wp-json\/wp\/v2\/categories?post=22818"},{"taxonomy":"post_tag","embeddable":true,"href":"https:\/\/christusnews.de\/site\/wp-json\/wp\/v2\/tags?post=22818"}],"curies":[{"name":"wp","href":"https:\/\/api.w.org\/{rel}","templated":true}]}}