{"id":22826,"date":"2022-12-05T21:58:38","date_gmt":"2022-12-05T20:58:38","guid":{"rendered":"https:\/\/christusnews.de\/site\/?p=22826"},"modified":"2022-12-05T21:58:39","modified_gmt":"2022-12-05T20:58:39","slug":"basar-der-flotten-nadeln","status":"publish","type":"post","link":"https:\/\/christusnews.de\/site\/basar-der-flotten-nadeln\/","title":{"rendered":"Basar der flotten Nadeln"},"content":{"rendered":"\n<p>Im Anschluss an den Gottesdienst am 3. Advent \u00f6ffnen die Flotten Nadeln nochmal die T\u00fcren zum Basar. Am 11.12.2022 von 13-14 Uhr k\u00f6nnen alle Interessierten nochmal feine Handarbeiten k\u00e4uflich erwerben.<\/p>\n","protected":false},"excerpt":{"rendered":"<p>Im Anschluss an den Gottesdienst am 3. Advent \u00f6ffnen die Flotten Nadeln nochmal die T\u00fcren zum Basar. Am 11.12.2022 von 13-14 Uhr k\u00f6nnen alle Interessierten nochmal feine Handarbeiten k\u00e4uflich erwerben.<\/p>\n","protected":false},"author":4,"featured_media":22719,"comment_status":"closed","ping_status":"open","sticky":false,"template":"","format":"standard","meta":{"footnotes":""},"categories":[1],"tags":[],"class_list":["post-22826","post","type-post","status-publish","format-standard","has-post-thumbnail","hentry","category-gemeinde"],"_links":{"self":[{"href":"https:\/\/christusnews.de\/site\/wp-json\/wp\/v2\/posts\/22826","targetHints":{"allow":["GET"]}}],"collection":[{"href":"https:\/\/christusnews.de\/site\/wp-json\/wp\/v2\/posts"}],"about":[{"href":"https:\/\/christusnews.de\/site\/wp-json\/wp\/v2\/types\/post"}],"author":[{"embeddable":true,"href":"https:\/\/christusnews.de\/site\/wp-json\/wp\/v2\/users\/4"}],"replies":[{"embeddable":true,"href":"https:\/\/christusnews.de\/site\/wp-json\/wp\/v2\/comments?post=22826"}],"version-history":[{"count":1,"href":"https:\/\/christusnews.de\/site\/wp-json\/wp\/v2\/posts\/22826\/revisions"}],"predecessor-version":[{"id":22827,"href":"https:\/\/christusnews.de\/site\/wp-json\/wp\/v2\/posts\/22826\/revisions\/22827"}],"wp:featuredmedia":[{"embeddable":true,"href":"https:\/\/christusnews.de\/site\/wp-json\/wp\/v2\/media\/22719"}],"wp:attachment":[{"href":"https:\/\/christusnews.de\/site\/wp-json\/wp\/v2\/media?parent=22826"}],"wp:term":[{"taxonomy":"category","embeddable":true,"href":"https:\/\/christusnews.de\/site\/wp-json\/wp\/v2\/categories?post=22826"},{"taxonomy":"post_tag","embeddable":true,"href":"https:\/\/christusnews.de\/site\/wp-json\/wp\/v2\/tags?post=22826"}],"curies":[{"name":"wp","href":"https:\/\/api.w.org\/{rel}","templated":true}]}}