{"id":22852,"date":"2022-12-02T09:27:00","date_gmt":"2022-12-02T08:27:00","guid":{"rendered":"https:\/\/christusnews.de\/site\/experten-diskutieren-ueber-meeresschutz-und-klimakrise\/"},"modified":"2022-12-06T10:17:30","modified_gmt":"2022-12-06T09:17:30","slug":"experten-diskutieren-ueber-meeresschutz-und-klimakrise","status":"publish","type":"post","link":"https:\/\/christusnews.de\/site\/experten-diskutieren-ueber-meeresschutz-und-klimakrise\/","title":{"rendered":"Experten diskutieren \u00fcber Meeresschutz und Klimakrise"},"content":{"rendered":"<p class=\"MsoPlainText\">Bremen (epd). Die Zukunft der Ozeane zwischen Klimakrise, Meeresschutz und nachhaltiger Entwicklung steht im Mittelpunkt einer hochrangig besetzten Podiumsdiskussion, die am 7. Dezember im Bremer \u00dcbersee-Museum geplant ist. Daran beteiligen sich ab 19 Uhr der erste Meeresbeauftragte der Bundesregierung, Sebastian Unger, und der Bremerhavener \u00d6kologe und Klimaforscher Hans-Otto P\u00f6rtner, wie die Organisatoren am Freitag mitteilten. Auch ein Vertreter des Bundesverkehrsministeriums will auf dem Podium Platz nehmen.<\/p>\n<p class=\"MsoPlainText\">&nbsp;<\/p>\n<p class=\"MsoPlainText\">Die Meeresstrategie der Bundesregierung m\u00fcsse sowohl die Klimakrise als auch grunds\u00e4tzlich das Verh\u00e4ltnis von Umwelt und Entwicklung ber\u00fccksichtigen, forderte Organisator Kai Kaschinski von der Bremer Initiative \u00abFair Oceans\u00bb. Im globalen S\u00fcden seien die K\u00fcstengemeinden bereits heute ernsthaft vom Klimawandel betroffen. Auch auf den norddeutschen Inseln gebe es zunehmend Probleme.<\/p>\n<p class=\"MsoPlainText\">&nbsp;<\/p>\n<p class=\"MsoPlainText\">\u00abStr\u00e4nde versinken Meter f\u00fcr Meter im Meer, Fischbest\u00e4nde wandern ab und die Erw\u00e4rmung der Wassertemperaturen lassen die Korallenriffe weltweit absterben und das Meereis schmelzen\u00bb, warnte Kaschinski. Fischerei, Schifffahrt, Tourismus und Offshore-Industrien prallten mit ihren unterschiedlichen Anspr\u00fcchen vor den K\u00fcsten aufeinander.<\/p>\n<p class=\"MsoPlainText\">&nbsp;<\/p>\n<p class=\"MsoPlainText\">Die Podiumsdiskussion ist Teil einer \u00abWoche der Ozeane\u00bb der Bremer Initiative. Dazu geh\u00f6rt eine Ausstellung unter dem Titel \u00abOzeane in der Klimakrise\u00bb, die bereits am Montag (5. Dezember) um 17 Uhr im Amtssitz von Klimaschutzsenatorin Maike Schaefer (Gr\u00fcne) in der Contrescarpe 72 er\u00f6ffnet werden soll. Weitere Informationen zur Aktionswoche gibt es auf der Website <a href=\"http:\/\/www.fair-oceans.info\">www.fair-oceans.info<\/a>.<\/p>\n<p>Kirche-Oldenburg<br \/>\n<a href=\"https:\/\/www.kirche-oldenburg.de\/\/aktuell\/news-niedersachsen\/artikel\/experten-diskutieren-ueber-meeresschutz-und-klimakrise\" target=\"_blank\" rel=\"noopener\">Experten diskutieren \u00fcber Meeresschutz und Klimakrise<\/a><\/p>\n","protected":false},"excerpt":{"rendered":"<p>Bremen (epd). Die Zukunft der Ozeane zwischen Klimakrise, Meeresschutz und nachhaltiger Entwicklung steht im Mittelpunkt einer hochrangig besetzten Podiumsdiskussion, die am 7. Dezember im Bremer \u00dcbersee-Museum geplant ist. Daran beteiligen sich ab 19 Uhr der erste Meeresbeauftragte der Bundesregierung, Sebastian Unger, und der Bremerhavener \u00d6kologe und Klimaforscher Hans-Otto P\u00f6rtner, wie die Organisatoren am Freitag mitteilten. Auch ein Vertreter des Bundesverkehrsministeriums will auf dem Podium Platz nehmen. &nbsp; Die Meeresstrategie der Bundesregierung m\u00fcsse sowohl die Klimakrise als auch grunds\u00e4tzlich das Verh\u00e4ltnis von Umwelt und Entwicklung ber\u00fccksichtigen, forderte Organisator Kai Kaschinski von der Bremer Initiative \u00abFair Oceans\u00bb. Im globalen S\u00fcden seien die&#8230;<\/p>\n","protected":false},"author":7,"featured_media":0,"comment_status":"false","ping_status":"open","sticky":false,"template":"","format":"standard","meta":{"footnotes":""},"categories":[43],"tags":[44],"class_list":["post-22852","post","type-post","status-publish","format-standard","hentry","category-kirche-oldenburg","tag-kirche-oldenburg"],"_links":{"self":[{"href":"https:\/\/christusnews.de\/site\/wp-json\/wp\/v2\/posts\/22852","targetHints":{"allow":["GET"]}}],"collection":[{"href":"https:\/\/christusnews.de\/site\/wp-json\/wp\/v2\/posts"}],"about":[{"href":"https:\/\/christusnews.de\/site\/wp-json\/wp\/v2\/types\/post"}],"author":[{"embeddable":true,"href":"https:\/\/christusnews.de\/site\/wp-json\/wp\/v2\/users\/7"}],"replies":[{"embeddable":true,"href":"https:\/\/christusnews.de\/site\/wp-json\/wp\/v2\/comments?post=22852"}],"version-history":[{"count":1,"href":"https:\/\/christusnews.de\/site\/wp-json\/wp\/v2\/posts\/22852\/revisions"}],"predecessor-version":[{"id":22853,"href":"https:\/\/christusnews.de\/site\/wp-json\/wp\/v2\/posts\/22852\/revisions\/22853"}],"wp:attachment":[{"href":"https:\/\/christusnews.de\/site\/wp-json\/wp\/v2\/media?parent=22852"}],"wp:term":[{"taxonomy":"category","embeddable":true,"href":"https:\/\/christusnews.de\/site\/wp-json\/wp\/v2\/categories?post=22852"},{"taxonomy":"post_tag","embeddable":true,"href":"https:\/\/christusnews.de\/site\/wp-json\/wp\/v2\/tags?post=22852"}],"curies":[{"name":"wp","href":"https:\/\/api.w.org\/{rel}","templated":true}]}}