{"id":22856,"date":"2022-12-06T21:09:00","date_gmt":"2022-12-06T20:09:00","guid":{"rendered":"https:\/\/christusnews.de\/site\/die-weltbesten-pressefotos-kommen-wieder-nach-oldenburg\/"},"modified":"2022-12-07T10:17:23","modified_gmt":"2022-12-07T09:17:23","slug":"die-weltbesten-pressefotos-kommen-wieder-nach-oldenburg","status":"publish","type":"post","link":"https:\/\/christusnews.de\/site\/die-weltbesten-pressefotos-kommen-wieder-nach-oldenburg\/","title":{"rendered":"Die weltbesten Pressefotos kommen wieder nach Oldenburg\u00a0"},"content":{"rendered":"<p class=\"MsoPlainText\">Oldenburg (epd). Die weltbesten Pressefotos kommen erneut in das Oldenburg Landesmuseum f\u00fcr Kunst und Kulturgeschichte. Vom 11. M\u00e4rz bis zum 2. April kommenden Jahres zeige das Haus die Wanderausstellung \u00abWorld Press Photo\u00bb, sagte Claus Spitzer-Ewersmann am Dienstag. Seine Agentur Mediavanti habe die Schau nun schon zum achten Mal nach Oldenburg holen k\u00f6nnen. Zur Er\u00f6ffnung werde die kanadische Fotojournalistin und aktuelle Preistr\u00e4gerin des weltbesten Pressfotos, Amber Bracken, erwartet. Ihre Aufnahme \u00abKamloops Residential School\u00bb erinnert an 215 indigene Kinder, die in Westkanada in einem Massengrab anonym verscharrt wurden. In der Schule sollte ihnen das \u00abzivilisierte Leben\u00bb vermittelt werden. Das Bild stehe im Mittelpunkt der Ausstellung.<\/p>\n<p class=\"MsoPlainText\">&nbsp;<\/p>\n<p class=\"MsoPlainText\">Brackens Bild zeigt rote Kleider und orangefarbene Hemden, die auf schlichten Holzkreuzen h\u00e4ngen, hie\u00df es. Die Kinder der Ureinwohner seien bis ins 20. Jahrhundert hinein gezwungen worden, die Kamloops Indian Residential School oder vergleichbare Internate zu besuchen. Insgesamt seien in diesen Schulen mehr als 4.000 M\u00e4dchen und Jungen an den Folgen von Misshandlung, Vernachl\u00e4ssigung, Krankheit oder Unf\u00e4llen gestorben. Laut der Jury vermittelt das Foto einen \u00abstillen Moment der globalen Abrechnung mit der Geschichte der Kolonisierung\u00bb. Erstmals seit 1955 sei damit eine Arbeit als \u00abWorld Press Photo\u00bb ausgezeichnet worden, die keine Menschen zeigt.<\/p>\n<p class=\"MsoPlainText\">&nbsp;<\/p>\n<p class=\"MsoPlainText\">Insgesamt hatten mehr als 4.000 Pressefotografen zusammen knapp 65.000 Bilder bei der World Press Photo Foundation in Amsterdam eingereicht, hie\u00df es. Anders als in den Vorjahren h\u00e4tten zun\u00e4chst sechs Regionaljurys \u00fcber die Aufnahmen aus Asien, Afrika, Europa, Nordamerika, Mittel- und S\u00fcdamerika sowie S\u00fcdostasien und Ozeanien entschieden. Erst danach habe ein weiteres Gremium daraus die besten Beitr\u00e4ge gew\u00e4hlt.<\/p>\n<p class=\"MsoPlainText\">&nbsp;<\/p>\n<p class=\"MsoPlainText\">Erstmals werde es einen Audioguide durch die Ausstellung geben, k\u00fcndigte Organisationsleiterin Lisa Knoll an. Au\u00dferdem seien zun\u00e4chst zwei F\u00fchrungen mit einer Geb\u00e4rdendolmetscherin geplant. In einer Begleitausstellung seien erneut Bilder der internationalen Initiative \u00abThe Everyday Projects\u00bb zu sehen. Dabei gehe gef\u00e4hrdete Tierarten in Uganda, Indonesien, Kolumbien und den USA.<\/p>\n<p class=\"MsoPlainText\">&nbsp;<\/p>\n<p>Kirche-Oldenburg<br \/>\n<a href=\"https:\/\/www.kirche-oldenburg.de\/\/aktuell\/news-niedersachsen\/artikel\/die-weltbesten-pressefotos-kommen-wieder-nach-oldenburg\" target=\"_blank\" rel=\"noopener\">Die weltbesten Pressefotos kommen wieder nach Oldenburg\u00a0<\/a><\/p>\n","protected":false},"excerpt":{"rendered":"<p>Oldenburg (epd). Die weltbesten Pressefotos kommen erneut in das Oldenburg Landesmuseum f\u00fcr Kunst und Kulturgeschichte. Vom 11. M\u00e4rz bis zum 2. April kommenden Jahres zeige das Haus die Wanderausstellung \u00abWorld Press Photo\u00bb, sagte Claus Spitzer-Ewersmann am Dienstag. Seine Agentur Mediavanti habe die Schau nun schon zum achten Mal nach Oldenburg holen k\u00f6nnen. Zur Er\u00f6ffnung werde die kanadische Fotojournalistin und aktuelle Preistr\u00e4gerin des weltbesten Pressfotos, Amber Bracken, erwartet. Ihre Aufnahme \u00abKamloops Residential School\u00bb erinnert an 215 indigene Kinder, die in Westkanada in einem Massengrab anonym verscharrt wurden. In der Schule sollte ihnen das \u00abzivilisierte Leben\u00bb vermittelt werden. Das Bild stehe im&#8230;<\/p>\n","protected":false},"author":7,"featured_media":0,"comment_status":"false","ping_status":"open","sticky":false,"template":"","format":"standard","meta":{"footnotes":""},"categories":[43],"tags":[44],"class_list":["post-22856","post","type-post","status-publish","format-standard","hentry","category-kirche-oldenburg","tag-kirche-oldenburg"],"_links":{"self":[{"href":"https:\/\/christusnews.de\/site\/wp-json\/wp\/v2\/posts\/22856","targetHints":{"allow":["GET"]}}],"collection":[{"href":"https:\/\/christusnews.de\/site\/wp-json\/wp\/v2\/posts"}],"about":[{"href":"https:\/\/christusnews.de\/site\/wp-json\/wp\/v2\/types\/post"}],"author":[{"embeddable":true,"href":"https:\/\/christusnews.de\/site\/wp-json\/wp\/v2\/users\/7"}],"replies":[{"embeddable":true,"href":"https:\/\/christusnews.de\/site\/wp-json\/wp\/v2\/comments?post=22856"}],"version-history":[{"count":1,"href":"https:\/\/christusnews.de\/site\/wp-json\/wp\/v2\/posts\/22856\/revisions"}],"predecessor-version":[{"id":22857,"href":"https:\/\/christusnews.de\/site\/wp-json\/wp\/v2\/posts\/22856\/revisions\/22857"}],"wp:attachment":[{"href":"https:\/\/christusnews.de\/site\/wp-json\/wp\/v2\/media?parent=22856"}],"wp:term":[{"taxonomy":"category","embeddable":true,"href":"https:\/\/christusnews.de\/site\/wp-json\/wp\/v2\/categories?post=22856"},{"taxonomy":"post_tag","embeddable":true,"href":"https:\/\/christusnews.de\/site\/wp-json\/wp\/v2\/tags?post=22856"}],"curies":[{"name":"wp","href":"https:\/\/api.w.org\/{rel}","templated":true}]}}