{"id":22867,"date":"2022-12-12T10:00:00","date_gmt":"2022-12-12T09:00:00","guid":{"rendered":"https:\/\/christusnews.de\/site\/?p=22867"},"modified":"2022-12-08T14:10:36","modified_gmt":"2022-12-08T13:10:36","slug":"himmel-in-der-pfuetze","status":"publish","type":"post","link":"https:\/\/christusnews.de\/site\/himmel-in-der-pfuetze\/","title":{"rendered":"Himmel in der Pf\u00fctze\u00a0"},"content":{"rendered":"\n<p>Mein Begleiter durch den Advent ist seit vielen Jahren ein ganz besonderer Adventskalender. Er hei\u00dft \u201eDer andere Advent\u201c. Er geht vom Vorabend des 1. Advents bis zum Dreik\u00f6nigstag am 6. Januar. In jedem Jahr gibt es eine neue Ausgabe. F\u00fcr jeden Tag gibt es eine Doppelseite: Ein kurzer oder etwas l\u00e4ngerer Text ist jeweils zu einem passenden Bild gestellt.&nbsp;<\/p>\n\n\n\n<p>An einem Tag ist eine Zeichnung von einer Waldlichtung abgebildet, darunter eine langestreckte Wasserpf\u00fctze. In der Pf\u00fctze spiegeln sich einige Wolken und ein St\u00fcck blauer Himmel. Darunter der Spruch, \u201eMan kann \u00fcbrigens in jeder Schei\u00dfpf\u00fctze den Himmel sehen\u201c.&nbsp;Der Satz sitzt. Ein Satz f\u00fcr Menschen, deren Glas meist halbleer ist statt halbvoll. Manche machen ja einen Kult daraus und holen stets zuerst die Dinge hervor, die ihnen nicht so gut gelingen. Die Wochenzeitung \u201eDie Zeit\u201c hat vor einiger Zeit diesem Pessimismus etwas entgegengesetzt und eine besondere Rubrik gestartet: \u201e<a href=\"https:\/\/blog.zeit.de\/zeit-der-leser\/2015\/11\/11\/was-mein-leben-reicher-macht-2403\/\">Was mein Leben reicher macht<\/a>.\u201c Die Beitr\u00e4ge der Leserinnen und Leser werden regelm\u00e4\u00dfig auch im Netz ver\u00f6ffentlicht. Ich finde, das ist eine wunderbare Wasserpf\u00fctze gegen Pessimismus und schlechte Laune. Schauen Sie mal rein. Sie werden \u00fcberrascht sein.<\/p>\n\n\n\n<p><\/p>\n\n\n\n<blockquote class=\"wp-block-quote is-layout-flow wp-block-quote-is-layout-flow\">\n<p><strong>R\u00fcdiger Schaarschmidt<\/strong><br><em>H\u00f6ren Sie diesen Beitrag bei Radio Jade:<\/em><br><a rel=\"noreferrer noopener\" href=\"http:\/\/www.radio-jade.de\/mediathek\/angedacht\/\" target=\"_blank\"><em>Alle Beitr\u00e4ge im \u00dcberblick | RADIO JADE<\/em><\/a><\/p>\n<\/blockquote>\n","protected":false},"excerpt":{"rendered":"<p>Mein Begleiter durch den Advent ist seit vielen Jahren ein ganz besonderer Adventskalender. Er hei\u00dft \u201eDer andere Advent\u201c. Er geht vom Vorabend des 1. Advents bis zum Dreik\u00f6nigstag am 6. Januar. In jedem Jahr gibt es eine neue Ausgabe. F\u00fcr jeden Tag gibt es eine Doppelseite: Ein kurzer oder etwas l\u00e4ngerer Text ist jeweils zu einem passenden Bild gestellt.&nbsp; An einem Tag ist eine Zeichnung von einer Waldlichtung abgebildet, darunter eine langestreckte Wasserpf\u00fctze. In der Pf\u00fctze spiegeln sich einige Wolken und ein St\u00fcck blauer Himmel. Darunter der Spruch, \u201eMan kann \u00fcbrigens in jeder Schei\u00dfpf\u00fctze den Himmel sehen\u201c.&nbsp;Der Satz sitzt. Ein&#8230;<\/p>\n","protected":false},"author":6,"featured_media":1171,"comment_status":"closed","ping_status":"open","sticky":false,"template":"","format":"standard","meta":{"footnotes":""},"categories":[5],"tags":[],"class_list":["post-22867","post","type-post","status-publish","format-standard","has-post-thumbnail","hentry","category-angedacht"],"_links":{"self":[{"href":"https:\/\/christusnews.de\/site\/wp-json\/wp\/v2\/posts\/22867","targetHints":{"allow":["GET"]}}],"collection":[{"href":"https:\/\/christusnews.de\/site\/wp-json\/wp\/v2\/posts"}],"about":[{"href":"https:\/\/christusnews.de\/site\/wp-json\/wp\/v2\/types\/post"}],"author":[{"embeddable":true,"href":"https:\/\/christusnews.de\/site\/wp-json\/wp\/v2\/users\/6"}],"replies":[{"embeddable":true,"href":"https:\/\/christusnews.de\/site\/wp-json\/wp\/v2\/comments?post=22867"}],"version-history":[{"count":1,"href":"https:\/\/christusnews.de\/site\/wp-json\/wp\/v2\/posts\/22867\/revisions"}],"predecessor-version":[{"id":22868,"href":"https:\/\/christusnews.de\/site\/wp-json\/wp\/v2\/posts\/22867\/revisions\/22868"}],"wp:featuredmedia":[{"embeddable":true,"href":"https:\/\/christusnews.de\/site\/wp-json\/wp\/v2\/media\/1171"}],"wp:attachment":[{"href":"https:\/\/christusnews.de\/site\/wp-json\/wp\/v2\/media?parent=22867"}],"wp:term":[{"taxonomy":"category","embeddable":true,"href":"https:\/\/christusnews.de\/site\/wp-json\/wp\/v2\/categories?post=22867"},{"taxonomy":"post_tag","embeddable":true,"href":"https:\/\/christusnews.de\/site\/wp-json\/wp\/v2\/tags?post=22867"}],"curies":[{"name":"wp","href":"https:\/\/api.w.org\/{rel}","templated":true}]}}