{"id":22873,"date":"2022-12-15T10:00:00","date_gmt":"2022-12-15T09:00:00","guid":{"rendered":"https:\/\/christusnews.de\/site\/?p=22873"},"modified":"2022-12-08T14:12:49","modified_gmt":"2022-12-08T13:12:49","slug":"zu-tisch","status":"publish","type":"post","link":"https:\/\/christusnews.de\/site\/zu-tisch\/","title":{"rendered":"Zu Tisch"},"content":{"rendered":"\n<p>In dieser Woche begleitet uns \u201eDer andere Advent\u201c. In diesem besonderen Kalender gibt es f\u00fcr jeden Tag eine Doppelseite. Zu einem Bild ist jeweils ein passender Text gestellt.&nbsp;An diesem Tag ist auf einer Seite das Foto von einem Abendbrottisch zu sehen. Ein Holzbrett mit Brot, dazu ein Teller mit K\u00e4se, Schinken und Tomaten. Teller, Becher und Besteck geh\u00f6rt auch dazu. Noch sitzt hier niemand. Dar\u00fcber unter der \u00dcberschrift \u201eTischgemeinschaft\u201c ein Text: \u201eWas meine Mutter mir am intensivsten vermittelt hat, war die N\u00e4chstenliebe. In der Notzeit nach dem Krieg klopften Kriegsversehrte an die T\u00fcr, denen fehlte ein Arm oder ein Bein. Sie verkauften Nadeln und Garn. Wenn meine Mutter \u00f6ffnete, und das tat sie immer, sagten die: \u201eGuten Tag junge Frau\u201c. Meine Mutter bat sie herein und platzierte sie am K\u00fcchentisch, wo ich meine Schularbeiten machte. Die Leute rochen nicht gut. Sie hatten Hunger. Meine Mutter sagte: Geld gebe ich keines. Ne Schnitte Brot oder ne einfache Milchsuppe, die h\u00e4tte ich. Ich habe sie sp\u00e4ter mal gefragt: Weshalb machst Du das? Lass sie doch drau\u00dfen warten und bring ihnen die Schnitte Brot raus. Da hat sie gesagt: Man zwingt Menschen nicht, im Stehen zu essen. Das vergesse ich mein ganzes Leben lang nicht. Du akzeptierst den Menschen, der am Tisch essen darf. So stelle ich mir das Abendmahl Jesu vor: Alle sind eingeladen, wer kommt, ist eine \u00dcberraschung und alle werden satt. An diesem Tisch entsteht eine Gemeinschaft auf Zeit. Vielleicht f\u00fcr die Ewigkeit.<\/p>\n\n\n\n<p><\/p>\n\n\n\n<blockquote class=\"wp-block-quote is-layout-flow wp-block-quote-is-layout-flow\">\n<p><strong>R\u00fcdiger Schaarschmidt<\/strong><br><em>H\u00f6ren Sie diesen Beitrag bei Radio Jade:<\/em><br><a rel=\"noreferrer noopener\" href=\"http:\/\/www.radio-jade.de\/mediathek\/angedacht\/\" target=\"_blank\"><em>Alle Beitr\u00e4ge im \u00dcberblick | RADIO JADE<\/em><\/a><\/p>\n<\/blockquote>\n","protected":false},"excerpt":{"rendered":"<p>In dieser Woche begleitet uns \u201eDer andere Advent\u201c. In diesem besonderen Kalender gibt es f\u00fcr jeden Tag eine Doppelseite. Zu einem Bild ist jeweils ein passender Text gestellt.&nbsp;An diesem Tag ist auf einer Seite das Foto von einem Abendbrottisch zu sehen. Ein Holzbrett mit Brot, dazu ein Teller mit K\u00e4se, Schinken und Tomaten. Teller, Becher und Besteck geh\u00f6rt auch dazu. Noch sitzt hier niemand. Dar\u00fcber unter der \u00dcberschrift \u201eTischgemeinschaft\u201c ein Text: \u201eWas meine Mutter mir am intensivsten vermittelt hat, war die N\u00e4chstenliebe. In der Notzeit nach dem Krieg klopften Kriegsversehrte an die T\u00fcr, denen fehlte ein Arm oder ein Bein&#8230;.<\/p>\n","protected":false},"author":6,"featured_media":1171,"comment_status":"closed","ping_status":"open","sticky":false,"template":"","format":"standard","meta":{"footnotes":""},"categories":[5],"tags":[],"class_list":["post-22873","post","type-post","status-publish","format-standard","has-post-thumbnail","hentry","category-angedacht"],"_links":{"self":[{"href":"https:\/\/christusnews.de\/site\/wp-json\/wp\/v2\/posts\/22873","targetHints":{"allow":["GET"]}}],"collection":[{"href":"https:\/\/christusnews.de\/site\/wp-json\/wp\/v2\/posts"}],"about":[{"href":"https:\/\/christusnews.de\/site\/wp-json\/wp\/v2\/types\/post"}],"author":[{"embeddable":true,"href":"https:\/\/christusnews.de\/site\/wp-json\/wp\/v2\/users\/6"}],"replies":[{"embeddable":true,"href":"https:\/\/christusnews.de\/site\/wp-json\/wp\/v2\/comments?post=22873"}],"version-history":[{"count":1,"href":"https:\/\/christusnews.de\/site\/wp-json\/wp\/v2\/posts\/22873\/revisions"}],"predecessor-version":[{"id":22874,"href":"https:\/\/christusnews.de\/site\/wp-json\/wp\/v2\/posts\/22873\/revisions\/22874"}],"wp:featuredmedia":[{"embeddable":true,"href":"https:\/\/christusnews.de\/site\/wp-json\/wp\/v2\/media\/1171"}],"wp:attachment":[{"href":"https:\/\/christusnews.de\/site\/wp-json\/wp\/v2\/media?parent=22873"}],"wp:term":[{"taxonomy":"category","embeddable":true,"href":"https:\/\/christusnews.de\/site\/wp-json\/wp\/v2\/categories?post=22873"},{"taxonomy":"post_tag","embeddable":true,"href":"https:\/\/christusnews.de\/site\/wp-json\/wp\/v2\/tags?post=22873"}],"curies":[{"name":"wp","href":"https:\/\/api.w.org\/{rel}","templated":true}]}}