{"id":22875,"date":"2022-12-16T10:00:00","date_gmt":"2022-12-16T09:00:00","guid":{"rendered":"https:\/\/christusnews.de\/site\/?p=22875"},"modified":"2022-12-08T14:13:44","modified_gmt":"2022-12-08T13:13:44","slug":"kurzgeschichten","status":"publish","type":"post","link":"https:\/\/christusnews.de\/site\/kurzgeschichten\/","title":{"rendered":"Kurzgeschichten"},"content":{"rendered":"\n<p>Ich begleite Sie diese Woche mit dem \u201eanderen Advent\u201c, einem besonderen Adventskalender. In diesem Kalender f\u00fcr die Zeit bis zum Dreik\u00f6nigstag gibt es f\u00fcr jeden Tag eine Doppelseite. Auf der einen Seite, ein Text, auf der anderen Seite ein passendes Bild. Heute ist das anders. Auf der Doppelseite ist unten ein Tintenfass zu sehen, oben ein F\u00fcllfederhalter, der auf die \u00dcberschrift zeigt: \u201eGeschichten in 6 W\u00f6rtern\u201c. Daneben die Aufforderung: \u201eErz\u00e4hlen Sie uns Ihre Geschichte in nur sechs Worten\u201c. Darunter folgen viele Zeilen, jeweils mit 6 W\u00f6rtern.<\/p>\n\n\n\n<p>Kleine Geschichten von Menschen, jeweils eine Momentaufnahme. In einer Zeile steht: \u201eNicht gesucht. Marcel gefunden. Gro\u00dfe Liebe\u201c und etwas tiefer: \u201eArbeit verloren. Selbst\u00e4ndig gemacht. Mich gefunden!\u201c&nbsp;&nbsp;Und sp\u00e4ter: \u201eSchwester dement, Alltag teilen, gutes Leben.\u201c Wie sich die aktuelle Situation im Leben eines Menschen in aller K\u00fcrze erz\u00e4hlen l\u00e4sst. Ich bin \u00fcberrascht. Dann lese ich: \u201eRiskant gefahren. Gl\u00fcck gehabt. Danke, Gott!\u201c Und danach: \u201eWarten. Lachend geht die T\u00fcr auf.\u201c Frank hat mir seine 6 Worte geschrieben: \u201eM\u00e4rz bis Januar. Volles Leben. Vollbremsung.\u201c<\/p>\n\n\n\n<p>Was sind Deine 6 Worte, um Dein Leben jetzt und heute zu beschreiben. Probiere es mal aus. Gleich heute. Und Morgen noch einmal. Ich bin beinahe sicher: Morgen sehen die 6 Worte schon anders aus.<\/p>\n\n\n\n<p><\/p>\n\n\n\n<p><\/p>\n\n\n\n<blockquote class=\"wp-block-quote is-layout-flow wp-block-quote-is-layout-flow\">\n<p><strong>R\u00fcdiger Schaarschmidt<\/strong><br><em>H\u00f6ren Sie diesen Beitrag bei Radio Jade:<\/em><br><a rel=\"noreferrer noopener\" href=\"http:\/\/www.radio-jade.de\/mediathek\/angedacht\/\" target=\"_blank\"><em>Alle Beitr\u00e4ge im \u00dcberblick | RADIO JADE<\/em><\/a><\/p>\n<\/blockquote>\n","protected":false},"excerpt":{"rendered":"<p>Ich begleite Sie diese Woche mit dem \u201eanderen Advent\u201c, einem besonderen Adventskalender. In diesem Kalender f\u00fcr die Zeit bis zum Dreik\u00f6nigstag gibt es f\u00fcr jeden Tag eine Doppelseite. Auf der einen Seite, ein Text, auf der anderen Seite ein passendes Bild. Heute ist das anders. Auf der Doppelseite ist unten ein Tintenfass zu sehen, oben ein F\u00fcllfederhalter, der auf die \u00dcberschrift zeigt: \u201eGeschichten in 6 W\u00f6rtern\u201c. Daneben die Aufforderung: \u201eErz\u00e4hlen Sie uns Ihre Geschichte in nur sechs Worten\u201c. Darunter folgen viele Zeilen, jeweils mit 6 W\u00f6rtern. Kleine Geschichten von Menschen, jeweils eine Momentaufnahme. In einer Zeile steht: \u201eNicht gesucht. Marcel&#8230;<\/p>\n","protected":false},"author":6,"featured_media":1171,"comment_status":"closed","ping_status":"open","sticky":false,"template":"","format":"standard","meta":{"footnotes":""},"categories":[5],"tags":[],"class_list":["post-22875","post","type-post","status-publish","format-standard","has-post-thumbnail","hentry","category-angedacht"],"_links":{"self":[{"href":"https:\/\/christusnews.de\/site\/wp-json\/wp\/v2\/posts\/22875","targetHints":{"allow":["GET"]}}],"collection":[{"href":"https:\/\/christusnews.de\/site\/wp-json\/wp\/v2\/posts"}],"about":[{"href":"https:\/\/christusnews.de\/site\/wp-json\/wp\/v2\/types\/post"}],"author":[{"embeddable":true,"href":"https:\/\/christusnews.de\/site\/wp-json\/wp\/v2\/users\/6"}],"replies":[{"embeddable":true,"href":"https:\/\/christusnews.de\/site\/wp-json\/wp\/v2\/comments?post=22875"}],"version-history":[{"count":1,"href":"https:\/\/christusnews.de\/site\/wp-json\/wp\/v2\/posts\/22875\/revisions"}],"predecessor-version":[{"id":22876,"href":"https:\/\/christusnews.de\/site\/wp-json\/wp\/v2\/posts\/22875\/revisions\/22876"}],"wp:featuredmedia":[{"embeddable":true,"href":"https:\/\/christusnews.de\/site\/wp-json\/wp\/v2\/media\/1171"}],"wp:attachment":[{"href":"https:\/\/christusnews.de\/site\/wp-json\/wp\/v2\/media?parent=22875"}],"wp:term":[{"taxonomy":"category","embeddable":true,"href":"https:\/\/christusnews.de\/site\/wp-json\/wp\/v2\/categories?post=22875"},{"taxonomy":"post_tag","embeddable":true,"href":"https:\/\/christusnews.de\/site\/wp-json\/wp\/v2\/tags?post=22875"}],"curies":[{"name":"wp","href":"https:\/\/api.w.org\/{rel}","templated":true}]}}