{"id":22879,"date":"2022-12-08T08:13:00","date_gmt":"2022-12-08T07:13:00","guid":{"rendered":"https:\/\/christusnews.de\/site\/bischof-bode-vertrauen-in-mich-ist-stark-erschuettert\/"},"modified":"2022-12-09T10:17:26","modified_gmt":"2022-12-09T09:17:26","slug":"bischof-bode-vertrauen-in-mich-ist-stark-erschuettert","status":"publish","type":"post","link":"https:\/\/christusnews.de\/site\/bischof-bode-vertrauen-in-mich-ist-stark-erschuettert\/","title":{"rendered":"Bischof Bode: Vertrauen in mich ist stark ersch\u00fcttert"},"content":{"rendered":"<p class=\"MsoPlainText\">Osnabr\u00fcck (epd). Der Osnabr\u00fccker katholische Bischof Franz-Josef Bode sieht knapp drei Monate nach dem Zwischenbericht zur Missbrauchsstudie im Bistum Osnabr\u00fcck das Vertrauen in seine Person stark ersch\u00fcttert. Er selbst und das Bistum h\u00e4tten gerade unter den Mitarbeitenden einen guten Ruf als Aufkl\u00e4rer und Reformer genossen. \u00abDieser Ruf ist jetzt erheblich irritiert\u00bb, sagte Bode in einem Gespr\u00e4ch mit dem Evangelischen Pressedienst (epd). Er f\u00fchre Woche f\u00fcr Woche Gespr\u00e4che mit allen Berufsgruppen. Auch aus den Gemeinden werde ihm von ver\u00e4rgerten und entt\u00e4uschten Haupt- und Ehrenamtlichen&nbsp;berichtet: \u00abSelbst Priester fragen mich: Warum treten Sie nicht zur\u00fcck?\u00bb<\/p>\n<p class=\"MsoPlainText\">&nbsp;<\/p>\n<p class=\"MsoPlainText\">Wissenschaftler der Universit\u00e4t Osnabr\u00fcck hatten Bode im Zwischenbericht ihrer Studie \u00fcber sexualisierte Gewalt im Bistum Osnabr\u00fcck schwerwiegende Pflichtverletzungen im Umgang mit Beschuldigten und Betroffenen bis in die Gegenwart vorgeworfen. Entgegen allen Ank\u00fcndigungen sei nach 2010 kein Ruck durch das Bistum gegangen, bem\u00e4ngelten die Juristen und Historiker. Der Bischof hatte sich unmittelbar nach der Ver\u00f6ffentlichung schuldbewusst gezeigt und schwerwiegende Fehler einger\u00e4umt.<\/p>\n<p class=\"MsoPlainText\">&nbsp;<\/p>\n<p class=\"MsoPlainText\">Bode rechnet mit deutlich gestiegenen Austrittszahlen seit September. Aber er will trotz der Wucht der Kritik Bischof bleiben. \u00abEs w\u00e4re sicher von vielen positiv bewertet worden, wenn ich gegangen w\u00e4re.\u00bb Er wolle aber zu seinen Fehlern stehen und sich darum bem\u00fchen, dass Vertrauen wieder aufgebaut werde, sagte der 71-J\u00e4hrige. Er habe in vielen Missbrauchsf\u00e4llen den beschuldigten Priestern mehr geglaubt als den Betroffenen. Die Versuchung, die Kirche und die T\u00e4ter zu sch\u00fctzen, sei immer wieder gro\u00df. \u00abDie Betroffenen kamen einem lange Zeit nicht so nahe, sodass ich den Dialog mit ihnen erst lernen musste.\u00bb<\/p>\n<p class=\"MsoPlainText\">&nbsp;<\/p>\n<p class=\"MsoPlainText\">Er habe im guten Glauben gehandelt, wenn er Beschuldigte mit ungekl\u00e4rter T\u00e4terschaft oder T\u00e4ter, die ihre Strafe verb\u00fc\u00dft und eine Therapie gemacht h\u00e4tten, im Dienst belassen habe, erl\u00e4uterte der Bischof, der auch stellvertretender Vorsitzender der Deutschen Bischofskonferenz ist. Seit 2019 beraten externe Fachleute im di\u00f6zesanen Schutzprozess den Bischof bei diesen Entscheidungen. Die Abw\u00e4gung etwa zwischen Pers\u00f6nlichkeitsrechten und \u00f6ffentlichem Interesse sei dabei h\u00e4ufig sehr schwierig.<\/p>\n<p class=\"MsoPlainText\">&nbsp;<\/p>\n<p class=\"MsoPlainText\">Die breite \u00d6ffentlichkeit erwarte aber einen anderen Umgang mit den Beschuldigten, sagte Bode. \u00abDie Menschen fragen sich zu Recht, wer da am Altar mit ihnen die Eucharistie feiert.\u00bb Auch die Expertengruppe habe das nach dem Zwischenbericht der Wissenschaftler neu bewertet. Deshalb habe er mittlerweile alle Beschuldigten und T\u00e4ter aus dem Dienst genommen.<\/p>\n<p class=\"MsoPlainText\">&nbsp;<\/p>\n<p>Kirche-Oldenburg<br \/>\n<a href=\"https:\/\/www.kirche-oldenburg.de\/\/aktuell\/news-niedersachsen\/artikel\/bischof-bode-vertrauen-in-mich-ist-stark-erschuettert\" target=\"_blank\" rel=\"noopener\">Bischof Bode: Vertrauen in mich ist stark ersch\u00fcttert<\/a><\/p>\n","protected":false},"excerpt":{"rendered":"<p>Osnabr\u00fcck (epd). Der Osnabr\u00fccker katholische Bischof Franz-Josef Bode sieht knapp drei Monate nach dem Zwischenbericht zur Missbrauchsstudie im Bistum Osnabr\u00fcck das Vertrauen in seine Person stark ersch\u00fcttert. Er selbst und das Bistum h\u00e4tten gerade unter den Mitarbeitenden einen guten Ruf als Aufkl\u00e4rer und Reformer genossen. \u00abDieser Ruf ist jetzt erheblich irritiert\u00bb, sagte Bode in einem Gespr\u00e4ch mit dem Evangelischen Pressedienst (epd). Er f\u00fchre Woche f\u00fcr Woche Gespr\u00e4che mit allen Berufsgruppen. Auch aus den Gemeinden werde ihm von ver\u00e4rgerten und entt\u00e4uschten Haupt- und Ehrenamtlichen&nbsp;berichtet: \u00abSelbst Priester fragen mich: Warum treten Sie nicht zur\u00fcck?\u00bb &nbsp; Wissenschaftler der Universit\u00e4t Osnabr\u00fcck hatten Bode im&#8230;<\/p>\n","protected":false},"author":7,"featured_media":0,"comment_status":"false","ping_status":"open","sticky":false,"template":"","format":"standard","meta":{"footnotes":""},"categories":[43],"tags":[44],"class_list":["post-22879","post","type-post","status-publish","format-standard","hentry","category-kirche-oldenburg","tag-kirche-oldenburg"],"_links":{"self":[{"href":"https:\/\/christusnews.de\/site\/wp-json\/wp\/v2\/posts\/22879","targetHints":{"allow":["GET"]}}],"collection":[{"href":"https:\/\/christusnews.de\/site\/wp-json\/wp\/v2\/posts"}],"about":[{"href":"https:\/\/christusnews.de\/site\/wp-json\/wp\/v2\/types\/post"}],"author":[{"embeddable":true,"href":"https:\/\/christusnews.de\/site\/wp-json\/wp\/v2\/users\/7"}],"replies":[{"embeddable":true,"href":"https:\/\/christusnews.de\/site\/wp-json\/wp\/v2\/comments?post=22879"}],"version-history":[{"count":1,"href":"https:\/\/christusnews.de\/site\/wp-json\/wp\/v2\/posts\/22879\/revisions"}],"predecessor-version":[{"id":22880,"href":"https:\/\/christusnews.de\/site\/wp-json\/wp\/v2\/posts\/22879\/revisions\/22880"}],"wp:attachment":[{"href":"https:\/\/christusnews.de\/site\/wp-json\/wp\/v2\/media?parent=22879"}],"wp:term":[{"taxonomy":"category","embeddable":true,"href":"https:\/\/christusnews.de\/site\/wp-json\/wp\/v2\/categories?post=22879"},{"taxonomy":"post_tag","embeddable":true,"href":"https:\/\/christusnews.de\/site\/wp-json\/wp\/v2\/tags?post=22879"}],"curies":[{"name":"wp","href":"https:\/\/api.w.org\/{rel}","templated":true}]}}