{"id":22883,"date":"2022-12-11T12:40:12","date_gmt":"2022-12-11T11:40:12","guid":{"rendered":"https:\/\/christusnews.de\/site\/das-tut-so-weh-es-ist-als-ob-du-mit-100-gegen-die-wand-faehrst-schreibt-der-vater-im-abschiedsbrief-an-seine-tochter-den-ich-in-der-trauerfeier-vorlese-diese-woche-musste-ich-ein-kind\/"},"modified":"2022-12-11T22:17:20","modified_gmt":"2022-12-11T21:17:20","slug":"das-tut-so-weh-es-ist-als-ob-du-mit-100-gegen-die-wand-faehrst-schreibt-der-vater-im-abschiedsbrief-an-seine-tochter-den-ich-in-der-trauerfeier-vorlese-diese-woche-musste-ich-ein-kind","status":"publish","type":"post","link":"https:\/\/christusnews.de\/site\/das-tut-so-weh-es-ist-als-ob-du-mit-100-gegen-die-wand-faehrst-schreibt-der-vater-im-abschiedsbrief-an-seine-tochter-den-ich-in-der-trauerfeier-vorlese-diese-woche-musste-ich-ein-kind\/","title":{"rendered":"Das tut so weh \n&quot;Es ist als ob du mit 100 gegen die Wand f\u00e4hrst&quot;, schreibt der Vater im Abschiedsbrief an seine Tochter, den ich in der Trauerfeier vorlese. Diese Woche musste ich ein Kind beerdigen. Eine stille Geburt,  ein unbeschreiblicher Schmerz f\u00fcr die Eltern, meine Worte kommen an ihre Grenzen. Sie haben sich eine Erinnerungskerze f\u00fcr ihr Kind gew\u00fcnscht. Danke an Silvia Zahn-Claus von Trauer.Haven, die dieses Kunstwerk mit ganz pers\u00f6nlichen Motiven gestaltet hat. Eine Kerze in der Krippe, entz\u00fcndet vom Osterlicht. \nHeute ist Gedenktag der verstorbenenn Kinder. In vielen Fenstern werden Lichter zum Gedenken leuchten und es gibt Gottesdienste. In Wilhelmshaven heute um 19.00 Uhr in der Christus und Garnisonkirche mit Pn Faull und Team. \nRC\n#trauerhaven #trauerndekinder\n#gedenktagverstorbenekinder #licht #erinnerungskerze #stillegeburt #sternenkinder #havenkirche #havenpastor"},"content":{"rendered":"<p>Das tut so weh<br \/>\n&#8220;Es ist als ob du mit 100 gegen die Wand f\u00e4hrst&#8221;, schreibt der Vater im Abschiedsbrief an seine Tochter, den ich in der Trauerfeier vorlese. Diese Woche musste ich ein Kind beerdigen. Eine stille Geburt,  ein unbeschreiblicher Schmerz f\u00fcr die Eltern, meine Worte kommen an ihre Grenzen. Sie haben sich eine Erinnerungskerze f\u00fcr ihr Kind gew\u00fcnscht. Danke an Silvia Zahn-Claus von Trauer.Haven, die dieses Kunstwerk mit ganz pers\u00f6nlichen Motiven gestaltet hat. Eine Kerze in der Krippe, entz\u00fcndet vom Osterlicht.<br \/>\nHeute ist Gedenktag der verstorbenenn Kinder. In vielen Fenstern werden Lichter zum Gedenken leuchten und es gibt Gottesdienste. In Wilhelmshaven heute um 19.00 Uhr in der Christus und Garnisonkirche mit Pn Faull und Team.<br \/>\nRC<br \/>\n#trauerhaven #trauerndekinder<br \/>\n#gedenktagverstorbenekinder #licht #erinnerungskerze #stillegeburt #sternenkinder #havenkirche #havenpastor<br \/>\nHAVENKIRCHE@FB<br \/>\n<a href=\"https:\/\/www.facebook.com\/396185572708352\/posts\/453886546938254\" target=\"_blank\" rel=\"noopener\">Das tut so weh<br \/>\n&quot;Es ist als ob du mit 100 gegen die Wand f\u00e4hrst&quot;, schreibt der Vater im Abschiedsbrief an seine Tochter, den ich in der Trauerfeier vorlese. Diese Woche musste ich ein Kind beerdigen. Eine stille Geburt,  ein unbeschreiblicher Schmerz f\u00fcr die Eltern, meine Worte kommen an ihre Grenzen. Sie haben sich eine Erinnerungskerze f\u00fcr ihr Kind gew\u00fcnscht. Danke an Silvia Zahn-Claus von Trauer.Haven, die dieses Kunstwerk mit ganz pers\u00f6nlichen Motiven gestaltet hat. Eine Kerze in der Krippe, entz\u00fcndet vom Osterlicht.<br \/>\nHeute ist Gedenktag der verstorbenenn Kinder. In vielen Fenstern werden Lichter zum Gedenken leuchten und es gibt Gottesdienste. In Wilhelmshaven heute um 19.00 Uhr in der Christus und Garnisonkirche mit Pn Faull und Team.<br \/>\nRC<br \/>\n#trauerhaven #trauerndekinder<br \/>\n#gedenktagverstorbenekinder #licht #erinnerungskerze #stillegeburt #sternenkinder #havenkirche #havenpastor<\/a><\/p>\n","protected":false},"excerpt":{"rendered":"<p>Das tut so weh &#8220;Es ist als ob du mit 100 gegen die Wand f\u00e4hrst&#8221;, schreibt der Vater im Abschiedsbrief an seine Tochter, den ich in der Trauerfeier vorlese. Diese Woche musste ich ein Kind beerdigen. Eine stille Geburt, ein unbeschreiblicher Schmerz f\u00fcr die Eltern, meine Worte kommen an ihre Grenzen. Sie haben sich eine Erinnerungskerze f\u00fcr ihr Kind gew\u00fcnscht. Danke an Silvia Zahn-Claus von Trauer.Haven, die dieses Kunstwerk mit ganz pers\u00f6nlichen Motiven gestaltet hat. Eine Kerze in der Krippe, entz\u00fcndet vom Osterlicht. Heute ist Gedenktag der verstorbenenn Kinder. In vielen Fenstern werden Lichter zum Gedenken leuchten und es gibt&#8230;<\/p>\n","protected":false},"author":6,"featured_media":0,"comment_status":"false","ping_status":"open","sticky":false,"template":"","format":"standard","meta":{"footnotes":""},"categories":[75],"tags":[76],"class_list":["post-22883","post","type-post","status-publish","format-standard","hentry","category-havenkirche","tag-havenkirche"],"_links":{"self":[{"href":"https:\/\/christusnews.de\/site\/wp-json\/wp\/v2\/posts\/22883","targetHints":{"allow":["GET"]}}],"collection":[{"href":"https:\/\/christusnews.de\/site\/wp-json\/wp\/v2\/posts"}],"about":[{"href":"https:\/\/christusnews.de\/site\/wp-json\/wp\/v2\/types\/post"}],"author":[{"embeddable":true,"href":"https:\/\/christusnews.de\/site\/wp-json\/wp\/v2\/users\/6"}],"replies":[{"embeddable":true,"href":"https:\/\/christusnews.de\/site\/wp-json\/wp\/v2\/comments?post=22883"}],"version-history":[{"count":1,"href":"https:\/\/christusnews.de\/site\/wp-json\/wp\/v2\/posts\/22883\/revisions"}],"predecessor-version":[{"id":22884,"href":"https:\/\/christusnews.de\/site\/wp-json\/wp\/v2\/posts\/22883\/revisions\/22884"}],"wp:attachment":[{"href":"https:\/\/christusnews.de\/site\/wp-json\/wp\/v2\/media?parent=22883"}],"wp:term":[{"taxonomy":"category","embeddable":true,"href":"https:\/\/christusnews.de\/site\/wp-json\/wp\/v2\/categories?post=22883"},{"taxonomy":"post_tag","embeddable":true,"href":"https:\/\/christusnews.de\/site\/wp-json\/wp\/v2\/tags?post=22883"}],"curies":[{"name":"wp","href":"https:\/\/api.w.org\/{rel}","templated":true}]}}