{"id":22885,"date":"2022-12-11T08:43:00","date_gmt":"2022-12-11T07:43:00","guid":{"rendered":"https:\/\/christusnews.de\/site\/landesarmutskonferenz-krise-der-tafeln-ist-krise-der-gesellschaft\/"},"modified":"2022-12-12T10:18:06","modified_gmt":"2022-12-12T09:18:06","slug":"landesarmutskonferenz-krise-der-tafeln-ist-krise-der-gesellschaft","status":"publish","type":"post","link":"https:\/\/christusnews.de\/site\/landesarmutskonferenz-krise-der-tafeln-ist-krise-der-gesellschaft\/","title":{"rendered":"Landesarmutskonferenz: Krise der Tafeln ist Krise der Gesellschaft"},"content":{"rendered":"<p class=\"MsoPlainText\">Hannover (epd). Die nieders\u00e4chsische Landesarmutskonferenz sieht in der gegenw\u00e4rtigen Krise der gemeinn\u00fctzigen Tafeln eine Krise der Gesellschaft. Hohe Energiekosten, steigende Preise f\u00fcr Lebensmittel und die wachsende Nachfrage mittlerweile auch aus der Mitte der Gesellschaft br\u00e4chten die Organisation und deren ehrenamtlich Mitarbeitenden an und \u00fcber die Grenzen des Machbaren, sagte der Gesch\u00e4ftsf\u00fchrer der Armutskonferenz, Klaus-Dieter Gleitze, am Sonntag in Hannover. Gleichzeitig nehme die Menge der Lebensmittelspenden ab. Immer mehr Tafeln verf\u00fcgten darum einen Aufnahmestopp.<\/p>\n<p class=\"MsoPlainText\">&nbsp;<\/p>\n<p class=\"MsoPlainText\">\u00abWenn jetzt zunehmend Tafeln als letzter Notanker ausfallen, kehrt in vielen Haushalten in diesem Winter Existenzangst ein\u00bb, warnte Gleitze. Selbst Billigspaghetti seien in den vergangenen zwei Jahren um 150 Prozent teurer geworden. \u00abImmer mehr Menschen k\u00f6nnten sich immer weniger leisten und frieren in schlecht bis nicht geheizten Wohnungen.\u00bb<\/p>\n<p class=\"MsoPlainText\">&nbsp;<\/p>\n<p class=\"MsoPlainText\">Auf der anderen Seite erfolge staatliche Hilfe nach wie vor nach einem kontraproduktiven Gie\u00dfkannenprinzip. \u00abStaatliche F\u00f6rderung bei Strom und Gas, bei Zuschl\u00e4gen f\u00fcr Rentnern auch f\u00fcr Menschen, die nicht darauf angewiesen sind, sind kein ad\u00e4quates Mittel zur Krisenbek\u00e4mpfung\u00bb, betonte Gleitze.<\/p>\n<p class=\"MsoPlainText\">&nbsp;<\/p>\n<p class=\"MsoPlainText\">Die Landearmutsgesellschaft fordere sofortige direkte Hilfen f\u00fcr Menschen mit wenig Geld. Der begr\u00fc\u00dfenswerte H\u00e4rtefallfonds der nieders\u00e4chsischen Landesregierung in H\u00f6he von 55 Millionen Euro zur Bek\u00e4mpfung von Energiearmut und Vermeidung von Wohnungsverlust m\u00fcsse unverz\u00fcglich in allen Kommunen umgesetzt werden.<\/p>\n<p>Kirche-Oldenburg<br \/>\n<a href=\"https:\/\/www.kirche-oldenburg.de\/\/aktuell\/news-niedersachsen\/artikel\/landesarmutskonferenz-krise-der-tafeln-ist-krise-der-gesellschaft\" target=\"_blank\" rel=\"noopener\">Landesarmutskonferenz: Krise der Tafeln ist Krise der Gesellschaft<\/a><\/p>\n","protected":false},"excerpt":{"rendered":"<p>Hannover (epd). Die nieders\u00e4chsische Landesarmutskonferenz sieht in der gegenw\u00e4rtigen Krise der gemeinn\u00fctzigen Tafeln eine Krise der Gesellschaft. Hohe Energiekosten, steigende Preise f\u00fcr Lebensmittel und die wachsende Nachfrage mittlerweile auch aus der Mitte der Gesellschaft br\u00e4chten die Organisation und deren ehrenamtlich Mitarbeitenden an und \u00fcber die Grenzen des Machbaren, sagte der Gesch\u00e4ftsf\u00fchrer der Armutskonferenz, Klaus-Dieter Gleitze, am Sonntag in Hannover. Gleichzeitig nehme die Menge der Lebensmittelspenden ab. Immer mehr Tafeln verf\u00fcgten darum einen Aufnahmestopp. &nbsp; \u00abWenn jetzt zunehmend Tafeln als letzter Notanker ausfallen, kehrt in vielen Haushalten in diesem Winter Existenzangst ein\u00bb, warnte Gleitze. Selbst Billigspaghetti seien in den vergangenen zwei&#8230;<\/p>\n","protected":false},"author":7,"featured_media":0,"comment_status":"false","ping_status":"open","sticky":false,"template":"","format":"standard","meta":{"footnotes":""},"categories":[43],"tags":[44],"class_list":["post-22885","post","type-post","status-publish","format-standard","hentry","category-kirche-oldenburg","tag-kirche-oldenburg"],"_links":{"self":[{"href":"https:\/\/christusnews.de\/site\/wp-json\/wp\/v2\/posts\/22885","targetHints":{"allow":["GET"]}}],"collection":[{"href":"https:\/\/christusnews.de\/site\/wp-json\/wp\/v2\/posts"}],"about":[{"href":"https:\/\/christusnews.de\/site\/wp-json\/wp\/v2\/types\/post"}],"author":[{"embeddable":true,"href":"https:\/\/christusnews.de\/site\/wp-json\/wp\/v2\/users\/7"}],"replies":[{"embeddable":true,"href":"https:\/\/christusnews.de\/site\/wp-json\/wp\/v2\/comments?post=22885"}],"version-history":[{"count":1,"href":"https:\/\/christusnews.de\/site\/wp-json\/wp\/v2\/posts\/22885\/revisions"}],"predecessor-version":[{"id":22886,"href":"https:\/\/christusnews.de\/site\/wp-json\/wp\/v2\/posts\/22885\/revisions\/22886"}],"wp:attachment":[{"href":"https:\/\/christusnews.de\/site\/wp-json\/wp\/v2\/media?parent=22885"}],"wp:term":[{"taxonomy":"category","embeddable":true,"href":"https:\/\/christusnews.de\/site\/wp-json\/wp\/v2\/categories?post=22885"},{"taxonomy":"post_tag","embeddable":true,"href":"https:\/\/christusnews.de\/site\/wp-json\/wp\/v2\/tags?post=22885"}],"curies":[{"name":"wp","href":"https:\/\/api.w.org\/{rel}","templated":true}]}}