{"id":22887,"date":"2022-12-10T08:42:00","date_gmt":"2022-12-10T07:42:00","guid":{"rendered":"https:\/\/christusnews.de\/site\/debatte-um-soziales-pflichtjahr-geht-weiter\/"},"modified":"2022-12-12T10:18:06","modified_gmt":"2022-12-12T09:18:06","slug":"debatte-um-soziales-pflichtjahr-geht-weiter","status":"publish","type":"post","link":"https:\/\/christusnews.de\/site\/debatte-um-soziales-pflichtjahr-geht-weiter\/","title":{"rendered":"Debatte um soziales Pflichtjahr geht weiter"},"content":{"rendered":"<p class=\"MsoPlainText\">Hannover (epd). In der Debatte um ein soziales Pflichtjahr f\u00fcr junge Menschen haben sich laut einem Bericht des RedaktionsNetzwerks Deutschland (RND\/Samstag) Klinik-, Pflege- und Lehrerverb\u00e4nde f\u00fcr ein solches Jahr ausgesprochen. Sie folgten damit einem Vorsto\u00df des Deutschen Pflegerats, der f\u00fcr die Einf\u00fchrung eines \u00abverpflichtenden sozialen Gesellschaftsjahres\u00bb pl\u00e4diert hatte. Der Deutsche Berufsverband f\u00fcr Pflegeberufe meldete dagegen Skepsis an.<\/p>\n<p class=\"MsoPlainText\">&nbsp;<\/p>\n<p class=\"MsoPlainText\">Die stellvertretende Vorsitzende der Deutschen Krankenhausgesellschaft, Henriette Neumeyer, sagte, sie hoffe auf Entlastungen in den Kliniken. Angesichts der hochqualifizierten Arbeit im Krankenhaus w\u00fcrden sie zwar keinen Ersatz f\u00fcr langj\u00e4hrig ausgebildete Fachkr\u00e4fte darstellen. \u00abSicherlich kann aber eine positive Erfahrung in einem sozialen Dienst, Praktikum oder \u00e4hnlichem ein Anreiz sein, in den jeweiligen Beruf zu gehen.\u00bb<\/p>\n<p class=\"MsoPlainText\">&nbsp;<\/p>\n<p class=\"MsoPlainText\">Der Pr\u00e4sident des Bundesverbands privater Pflegeanbieter (bpa), Bernd Meurer, verwies auf eine Umfrage unter den Mitgliedern seines Verbandes. Rund 60 Prozent der Teilnehmenden an einem Freiwilligen Sozialen Jahr in der Pflege h\u00e4tten sich am Ende f\u00fcr eine Ausbildung in diesem Beruf entschieden.<\/p>\n<p class=\"MsoPlainText\">&nbsp;<\/p>\n<p class=\"MsoPlainText\">Aufgeschlossen f\u00fcr ein Pflichtjahr zeigte sich gegen\u00fcber dem RND auch der Pr\u00e4sident des Deutschen Lehrerverbands, Heinz-Peter Meidinger: \u00abEine Ausweitung der Angebote des sozialen Jahres bis hin zu einem verpflichtenden sozialen Jahr k\u00f6nnte helfen, den sozialen Zusammenhalt und die soziale Verantwortungsbereitschaft in Deutschland zu st\u00e4rken.\u00bb<\/p>\n<p class=\"MsoPlainText\">&nbsp;<\/p>\n<p class=\"MsoPlainText\">Meidinger bezweifelte jedoch, dass ein Pflichtdienstjahr einen Beitrag gegen den Fachkr\u00e4ftemangel leisten k\u00f6nnte. \u00abEin soziales Jahr schafft zwar vielleicht kurzfristig mehr Kapazit\u00e4ten in bestimmten Bereichen, verl\u00e4ngert aber gleichzeitig die Phase bis zu deren eigentlichem Berufseintritt, was dann sp\u00e4ter den Arbeitskr\u00e4ftemangel wieder vergr\u00f6\u00dfern w\u00fcrde.\u00bb<\/p>\n<p class=\"MsoPlainText\">&nbsp;<\/p>\n<p class=\"MsoPlainText\">Skeptisch \u00e4u\u00dferte sich der Deutsche Berufsverband f\u00fcr Pflegeberufe (DBfK): \u00abWir brauchen in der Pflege qualifiziertes Fachpersonal und in der aktuellen Personalsituation ist bereits die ad\u00e4quate praktische Ausbildung in der Pflege eine Herausforderung\u00bb, sagte die Vorsitzende des Verbands, Christel Bienstein. \u00abZus\u00e4tzlich junge Menschen, die einen Pflichtdienst in den Pflegeberufen leisten, anzuleiten und auch zu \u00fcberwachen, d\u00fcrfte angesichts der d\u00fcnnen Personaldecke kaum gelingen.\u00bb<\/p>\n<p>Kirche-Oldenburg<br \/>\n<a href=\"https:\/\/www.kirche-oldenburg.de\/\/aktuell\/news-niedersachsen\/artikel\/debatte-um-soziales-pflichtjahr-geht-weiter\" target=\"_blank\" rel=\"noopener\">Debatte um soziales Pflichtjahr geht weiter<\/a><\/p>\n","protected":false},"excerpt":{"rendered":"<p>Hannover (epd). In der Debatte um ein soziales Pflichtjahr f\u00fcr junge Menschen haben sich laut einem Bericht des RedaktionsNetzwerks Deutschland (RND\/Samstag) Klinik-, Pflege- und Lehrerverb\u00e4nde f\u00fcr ein solches Jahr ausgesprochen. Sie folgten damit einem Vorsto\u00df des Deutschen Pflegerats, der f\u00fcr die Einf\u00fchrung eines \u00abverpflichtenden sozialen Gesellschaftsjahres\u00bb pl\u00e4diert hatte. Der Deutsche Berufsverband f\u00fcr Pflegeberufe meldete dagegen Skepsis an. &nbsp; Die stellvertretende Vorsitzende der Deutschen Krankenhausgesellschaft, Henriette Neumeyer, sagte, sie hoffe auf Entlastungen in den Kliniken. Angesichts der hochqualifizierten Arbeit im Krankenhaus w\u00fcrden sie zwar keinen Ersatz f\u00fcr langj\u00e4hrig ausgebildete Fachkr\u00e4fte darstellen. \u00abSicherlich kann aber eine positive Erfahrung in einem sozialen Dienst,&#8230;<\/p>\n","protected":false},"author":7,"featured_media":0,"comment_status":"false","ping_status":"open","sticky":false,"template":"","format":"standard","meta":{"footnotes":""},"categories":[43],"tags":[44],"class_list":["post-22887","post","type-post","status-publish","format-standard","hentry","category-kirche-oldenburg","tag-kirche-oldenburg"],"_links":{"self":[{"href":"https:\/\/christusnews.de\/site\/wp-json\/wp\/v2\/posts\/22887","targetHints":{"allow":["GET"]}}],"collection":[{"href":"https:\/\/christusnews.de\/site\/wp-json\/wp\/v2\/posts"}],"about":[{"href":"https:\/\/christusnews.de\/site\/wp-json\/wp\/v2\/types\/post"}],"author":[{"embeddable":true,"href":"https:\/\/christusnews.de\/site\/wp-json\/wp\/v2\/users\/7"}],"replies":[{"embeddable":true,"href":"https:\/\/christusnews.de\/site\/wp-json\/wp\/v2\/comments?post=22887"}],"version-history":[{"count":1,"href":"https:\/\/christusnews.de\/site\/wp-json\/wp\/v2\/posts\/22887\/revisions"}],"predecessor-version":[{"id":22888,"href":"https:\/\/christusnews.de\/site\/wp-json\/wp\/v2\/posts\/22887\/revisions\/22888"}],"wp:attachment":[{"href":"https:\/\/christusnews.de\/site\/wp-json\/wp\/v2\/media?parent=22887"}],"wp:term":[{"taxonomy":"category","embeddable":true,"href":"https:\/\/christusnews.de\/site\/wp-json\/wp\/v2\/categories?post=22887"},{"taxonomy":"post_tag","embeddable":true,"href":"https:\/\/christusnews.de\/site\/wp-json\/wp\/v2\/tags?post=22887"}],"curies":[{"name":"wp","href":"https:\/\/api.w.org\/{rel}","templated":true}]}}