{"id":22889,"date":"2022-12-09T08:41:00","date_gmt":"2022-12-09T07:41:00","guid":{"rendered":"https:\/\/christusnews.de\/site\/evangelische-fastenaktion-7-wochen-ohne-startet-in-oldenburg\/"},"modified":"2022-12-12T10:18:07","modified_gmt":"2022-12-12T09:18:07","slug":"evangelische-fastenaktion-7-wochen-ohne-startet-in-oldenburg","status":"publish","type":"post","link":"https:\/\/christusnews.de\/site\/evangelische-fastenaktion-7-wochen-ohne-startet-in-oldenburg\/","title":{"rendered":"Evangelische Fastenaktion \u00ab7 Wochen ohne\u00bb startet in Oldenburg"},"content":{"rendered":"<p class=\"MsoPlainText\">Oldenburg\/Hannover (epd). \u00abLeuchten! 7 Wochen ohne Verzagtheit\u00bb lautet das Motto der evangelischen Fastenaktion, die am 26. Februar des kommenden Jahres mit einem ZDF-Gottesdienst in der Kirche St. Ansgar in Oldenburg eingel\u00e4utet wird. Als Botschafter der Aktion schreibt der hannoversche Landesbischof Ralf Meister dazu in einem Geleitwort, es gehe in den sieben Fastenwochen nicht allein um innere Erleuchtung, sondern auch um die Ausstrahlung auf andere. \u00abDie Fastenzeit ist kein Verzicht um des Verzichts willen. Sie f\u00fchrt uns Tag f\u00fcr Tag zu neuen Erfahrungen.\u00bb Koordiniert wird \u00ab7 Wochen ohne\u00bb von einem Projektb\u00fcro im Gemeinschaftswerk der Evangelischen Publizistik in Frankfurt am Main.<\/p>\n<p class=\"MsoPlainText\">&nbsp;<\/p>\n<p class=\"MsoPlainText\">Seit 1983 l\u00e4dt \u00ab7 Wochen Ohne\u00bb in den Wochen vor Ostern Menschen aller Altersgruppen ein, den Blick auf den Alltag zu ver\u00e4ndern: f\u00fcr sich allein, in Familien oder als Fastengruppe, hie\u00df es. Wer mitmache, sei Teil einer gro\u00dfen \u00ab7 Wochen Ohne-Community\u00bb und k\u00f6nne sich mit anderen austauschen. Zentrales Element der Aktion sei ein Kalender der \u00abedition chrismon\u00bb, der die Teilnehmenden mit sieben Wochenthemen durch die Aktion bis Ostern leite. Sie lauten \u00abLicht an!\u00bb, \u00abMeine \u00c4ngste\u00bb, \u00abWas mich tr\u00e4gt\u00bb, \u00abUnd wie ich strahle!\u00bb, \u00abWir gehen gemeinsam\u00bb, \u00abDurch die Nacht\u00bb und \u00abIn den Morgen\u00bb. Au\u00dferdem k\u00f6nnen Fastenmails abonniert werden.<\/p>\n<p>Kirche-Oldenburg<br \/>\n<a href=\"https:\/\/www.kirche-oldenburg.de\/\/aktuell\/news-niedersachsen\/artikel\/evangelische-fastenaktion-7-wochen-ohne-startet-in-oldenburg\" target=\"_blank\" rel=\"noopener\">Evangelische Fastenaktion \u00ab7 Wochen ohne\u00bb startet in Oldenburg<\/a><\/p>\n","protected":false},"excerpt":{"rendered":"<p>Oldenburg\/Hannover (epd). \u00abLeuchten! 7 Wochen ohne Verzagtheit\u00bb lautet das Motto der evangelischen Fastenaktion, die am 26. Februar des kommenden Jahres mit einem ZDF-Gottesdienst in der Kirche St. Ansgar in Oldenburg eingel\u00e4utet wird. Als Botschafter der Aktion schreibt der hannoversche Landesbischof Ralf Meister dazu in einem Geleitwort, es gehe in den sieben Fastenwochen nicht allein um innere Erleuchtung, sondern auch um die Ausstrahlung auf andere. \u00abDie Fastenzeit ist kein Verzicht um des Verzichts willen. Sie f\u00fchrt uns Tag f\u00fcr Tag zu neuen Erfahrungen.\u00bb Koordiniert wird \u00ab7 Wochen ohne\u00bb von einem Projektb\u00fcro im Gemeinschaftswerk der Evangelischen Publizistik in Frankfurt am Main. &nbsp;&#8230;<\/p>\n","protected":false},"author":7,"featured_media":0,"comment_status":"false","ping_status":"open","sticky":false,"template":"","format":"standard","meta":{"footnotes":""},"categories":[43],"tags":[44],"class_list":["post-22889","post","type-post","status-publish","format-standard","hentry","category-kirche-oldenburg","tag-kirche-oldenburg"],"_links":{"self":[{"href":"https:\/\/christusnews.de\/site\/wp-json\/wp\/v2\/posts\/22889","targetHints":{"allow":["GET"]}}],"collection":[{"href":"https:\/\/christusnews.de\/site\/wp-json\/wp\/v2\/posts"}],"about":[{"href":"https:\/\/christusnews.de\/site\/wp-json\/wp\/v2\/types\/post"}],"author":[{"embeddable":true,"href":"https:\/\/christusnews.de\/site\/wp-json\/wp\/v2\/users\/7"}],"replies":[{"embeddable":true,"href":"https:\/\/christusnews.de\/site\/wp-json\/wp\/v2\/comments?post=22889"}],"version-history":[{"count":1,"href":"https:\/\/christusnews.de\/site\/wp-json\/wp\/v2\/posts\/22889\/revisions"}],"predecessor-version":[{"id":22890,"href":"https:\/\/christusnews.de\/site\/wp-json\/wp\/v2\/posts\/22889\/revisions\/22890"}],"wp:attachment":[{"href":"https:\/\/christusnews.de\/site\/wp-json\/wp\/v2\/media?parent=22889"}],"wp:term":[{"taxonomy":"category","embeddable":true,"href":"https:\/\/christusnews.de\/site\/wp-json\/wp\/v2\/categories?post=22889"},{"taxonomy":"post_tag","embeddable":true,"href":"https:\/\/christusnews.de\/site\/wp-json\/wp\/v2\/tags?post=22889"}],"curies":[{"name":"wp","href":"https:\/\/api.w.org\/{rel}","templated":true}]}}