{"id":22895,"date":"2022-12-12T11:18:00","date_gmt":"2022-12-12T10:18:00","guid":{"rendered":"https:\/\/christusnews.de\/site\/betroffene-haben-bischof-bode-in-rom-angezeigt-der-osnabruecker-theologe-will-sich-der-untersuchung-stellen\/"},"modified":"2022-12-13T22:17:49","modified_gmt":"2022-12-13T21:17:49","slug":"betroffene-haben-bischof-bode-in-rom-angezeigt-der-osnabruecker-theologe-will-sich-der-untersuchung-stellen","status":"publish","type":"post","link":"https:\/\/christusnews.de\/site\/betroffene-haben-bischof-bode-in-rom-angezeigt-der-osnabruecker-theologe-will-sich-der-untersuchung-stellen\/","title":{"rendered":"Betroffene haben Bischof Bode in Rom angezeigt &#8211; Der Osnabr\u00fccker Theologe will sich der Untersuchung stellen"},"content":{"rendered":"<p class=\"MsoPlainText\">Osnabr\u00fcck\/Hamburg (epd). Der norddeutsche Betroffenenrat der katholischen Bist\u00fcmer Hamburg, Hildesheim und Osnabr\u00fcck hat den Osnabr\u00fccker Bischof Franz-Josef Bode (71) wegen seines Umgangs mit F\u00e4llen sexualisierter Gewalt kirchenrechtlich angezeigt. Das Schreiben sei an den zust\u00e4ndigen Hamburger Erzbischof Stefan He\u00dfe gegangen, der die Anzeige umgehend an die verantwortlichen Kirchenbeh\u00f6rden in Rom schicken solle, teilte ein Sprecher des unabh\u00e4ngigen Gremiums am Montag mit. Der Rat wirft Bode vor, er habe gegen p\u00e4pstliche Vorgaben versto\u00dfen, indem er unter anderem sexualisierte Gewalt gegen Minderj\u00e4hrige noch in diesem Jahr als \u00abBeziehung\u00bb bezeichnet habe.<\/p>\n<p class=\"MsoPlainText\">&nbsp;<\/p>\n<p class=\"MsoPlainText\">Bode best\u00e4tigte auf Nachfrage, der Betroffenenrat habe ihn \u00fcber die Anzeige informiert. Er respektiere diesen Schritt und unterst\u00fctze die damit eingeleitete Untersuchung durch die r\u00f6mischen Instanzen.&nbsp;Den zust\u00e4ndigen Beh\u00f6rden im Vatikan werde er erg\u00e4nzend zu den vom Betroffenenrat bereits beschriebenen Ausschnitten den gesamten Zwischenbericht zur Missbrauchsstudie im Bistum Osnabr\u00fcck zuleiten.&nbsp;Das Papier wurde im Auftrag des Bistums von der Universit\u00e4t Osnabr\u00fcck erstellt.<\/p>\n<p class=\"MsoPlainText\">&nbsp;<\/p>\n<p class=\"MsoPlainText\">Bode unterstrich: \u00abDem Ergebnis dieser Untersuchung werde ich mich selbstverst\u00e4ndlich stellen.\u00bb Unterdessen werde er weiterhin auch das pers\u00f6nliche Gespr\u00e4ch mit Betroffenen im Bistum und den Mitgliedern des Betroffenenrats suchen, um den Weg der Aufarbeitung fortzusetzen und weiter zu verbessern. Bode ist auch stellvertretender Vorsitzender der katholischen Deutschen Bischofskonferenz.<\/p>\n<p class=\"MsoPlainText\">&nbsp;<\/p>\n<p class=\"MsoPlainText\">Der Betroffenenrat hatte kritisiert, Bode habe die Schilderungen einer Betroffenen \u00abg\u00e4nzlich falsch eingesch\u00e4tzt\u00bb und eine Anzeige beim Vatikan verz\u00f6gert. Dies habe eine kanonische Voruntersuchung verhindert, die sofort h\u00e4tte eingeleitet werden m\u00fcssen, als sich die junge Frau erstmalig gemeldet habe.<\/p>\n<p class=\"MsoPlainText\">&nbsp;<\/p>\n<p class=\"MsoPlainText\">Der Rat forderte eigenen Angaben zufolge Bode auf, moralische Verantwortung f\u00fcr das auch durch ihn verursachte Leid zu \u00fcbernehmen &#8211; fernab rein strafrechtlicher Ma\u00dfst\u00e4be. Es falle schwer, den Bischof \u00abals ein Gegen\u00fcber zu sehen, das sich f\u00fcr ehrliche und konsequente Aufarbeitung von sexuellem Missbrauch durch Angeh\u00f6rige der katholischen Kirche einsetzt\u00bb. Welche pers\u00f6nlichen Konsequenzen Bode ziehe, m\u00fcsse er selbst entscheiden. Bode hatte noch in der vergangenen Woche einen R\u00fccktritt \u00f6ffentlich abgelehnt.<\/p>\n<p class=\"MsoPlainText\">&nbsp;<\/p>\n<p class=\"MsoPlainText\">Erzbischof He\u00dfe best\u00e4tigte in Hamburg, dass die Anzeige bei ihm bereits am Donnerstag eingegangen sei. Er habe sie \u00fcber die Apostolische Nuntiatur &#8211; die Botschaft des Vatikans &#8211; an die Glaubenskongregation und die Bischofskongregation im Vatikan weitergeleitet.<\/p>\n<p>Kirche-Oldenburg<br \/>\n<a href=\"https:\/\/www.kirche-oldenburg.de\/\/aktuell\/news-niedersachsen\/artikel\/betroffene-haben-bischof-bode-in-rom-angezeigt-der-osnabruecker-theologe-will-sich-der-untersuchung-stellen\" target=\"_blank\" rel=\"noopener\">Betroffene haben Bischof Bode in Rom angezeigt &#8211; Der Osnabr\u00fccker Theologe will sich der Untersuchung stellen<\/a><\/p>\n","protected":false},"excerpt":{"rendered":"<p>Osnabr\u00fcck\/Hamburg (epd). Der norddeutsche Betroffenenrat der katholischen Bist\u00fcmer Hamburg, Hildesheim und Osnabr\u00fcck hat den Osnabr\u00fccker Bischof Franz-Josef Bode (71) wegen seines Umgangs mit F\u00e4llen sexualisierter Gewalt kirchenrechtlich angezeigt. Das Schreiben sei an den zust\u00e4ndigen Hamburger Erzbischof Stefan He\u00dfe gegangen, der die Anzeige umgehend an die verantwortlichen Kirchenbeh\u00f6rden in Rom schicken solle, teilte ein Sprecher des unabh\u00e4ngigen Gremiums am Montag mit. Der Rat wirft Bode vor, er habe gegen p\u00e4pstliche Vorgaben versto\u00dfen, indem er unter anderem sexualisierte Gewalt gegen Minderj\u00e4hrige noch in diesem Jahr als \u00abBeziehung\u00bb bezeichnet habe. &nbsp; Bode best\u00e4tigte auf Nachfrage, der Betroffenenrat habe ihn \u00fcber die Anzeige informiert&#8230;.<\/p>\n","protected":false},"author":7,"featured_media":0,"comment_status":"false","ping_status":"open","sticky":false,"template":"","format":"standard","meta":{"footnotes":""},"categories":[43],"tags":[44],"class_list":["post-22895","post","type-post","status-publish","format-standard","hentry","category-kirche-oldenburg","tag-kirche-oldenburg"],"_links":{"self":[{"href":"https:\/\/christusnews.de\/site\/wp-json\/wp\/v2\/posts\/22895","targetHints":{"allow":["GET"]}}],"collection":[{"href":"https:\/\/christusnews.de\/site\/wp-json\/wp\/v2\/posts"}],"about":[{"href":"https:\/\/christusnews.de\/site\/wp-json\/wp\/v2\/types\/post"}],"author":[{"embeddable":true,"href":"https:\/\/christusnews.de\/site\/wp-json\/wp\/v2\/users\/7"}],"replies":[{"embeddable":true,"href":"https:\/\/christusnews.de\/site\/wp-json\/wp\/v2\/comments?post=22895"}],"version-history":[{"count":1,"href":"https:\/\/christusnews.de\/site\/wp-json\/wp\/v2\/posts\/22895\/revisions"}],"predecessor-version":[{"id":22896,"href":"https:\/\/christusnews.de\/site\/wp-json\/wp\/v2\/posts\/22895\/revisions\/22896"}],"wp:attachment":[{"href":"https:\/\/christusnews.de\/site\/wp-json\/wp\/v2\/media?parent=22895"}],"wp:term":[{"taxonomy":"category","embeddable":true,"href":"https:\/\/christusnews.de\/site\/wp-json\/wp\/v2\/categories?post=22895"},{"taxonomy":"post_tag","embeddable":true,"href":"https:\/\/christusnews.de\/site\/wp-json\/wp\/v2\/tags?post=22895"}],"curies":[{"name":"wp","href":"https:\/\/api.w.org\/{rel}","templated":true}]}}