{"id":22917,"date":"2022-12-17T08:59:00","date_gmt":"2022-12-17T07:59:00","guid":{"rendered":"https:\/\/christusnews.de\/site\/scholz-und-weil-eroeffnen-erstes-deutsches-lng-terminal\/"},"modified":"2022-12-19T10:17:27","modified_gmt":"2022-12-19T09:17:27","slug":"scholz-und-weil-eroeffnen-erstes-deutsches-lng-terminal","status":"publish","type":"post","link":"https:\/\/christusnews.de\/site\/scholz-und-weil-eroeffnen-erstes-deutsches-lng-terminal\/","title":{"rendered":"Scholz und Weil er\u00f6ffnen erstes deutsches LNG-Terminal"},"content":{"rendered":"<p class=\"MsoPlainText\">Wilhelmshaven (epd). Bundeskanzler Olaf Scholz (SPD) und Niedersachsens Ministerpr\u00e4sident Stephan Weil (SPD) haben am Samstag das erste deutsche LNG-Terminal in Wilhelmshaven in Betrieb genommen. Das Terminal werde gro\u00dfe Mengen Fl\u00fcssiggas f\u00fcr die Energieversorgung der n\u00e4chsten Zeit sicherstellen, sagte Weil. Umweltverb\u00e4nde, wie der Naturschutzbund und der Bund f\u00fcr Umwelt und Naturschutz Deutschland, hatten das Projekt zuvor als \u00fcberdimensioniert und klimasch\u00e4dlich kritisiert.<\/p>\n<p class=\"MsoPlainText\">&nbsp;<\/p>\n<p class=\"MsoPlainText\">Die Deutsche Umwelthilfe k\u00fcndigte am Samstag weitere rechtliche Schritte an. In direkter Nachbarschaft zum Unesco-Weltnaturerbe Wattenmeer w\u00fcrden gro\u00dfe Mengen Biozide ins Meer geleitet, trotz technischer Alternativen, hie\u00df es. Einwendungen der Umweltverb\u00e4nde seien ignoriert worden. Die Organisation forderte eine Befristung des Betriebs in Einklang mit den Klimazielen und ein Verbot f\u00fcr den Einsatz von Bioziden.<\/p>\n<p class=\"MsoPlainText\">&nbsp;<\/p>\n<p class=\"MsoPlainText\">Niedersachsens Umwelt- und Energieminister Christian Meyer (Gr\u00fcne) betonte hingegen, f\u00fcr die Genehmigung und den Betrieb seien hohe Umwelt- und Sicherheitsstandards verpflichtend. \u00abEs gibt keinen Umweltrabatt.\u00bb Ebenso seien rund 300 Einwendungen von Umweltverb\u00e4nden und B\u00fcrgern eingegangen und gepr\u00fcft worden. Demnach sollen alle geltenden Grenzwerte eingehalten werden und es gebe ein Konzept, um die Einleitung der Chlorbiozide zu minimieren.<\/p>\n<p class=\"MsoPlainText\">&nbsp;<\/p>\n<p class=\"MsoPlainText\">Am Donnerstagnachmittag war mit dem Terminalschiff \u00abH\u00f6egh Esperanza\u00bb der erste Tanker mit Fl\u00fcssiggas in Wilhelmshaven angekommen. \u00dcber das Spezialschiff soll au\u00dferdem k\u00fcnftig Gas in das deutsche Netz eingespeist werden. Damit sich die Rohre des Frachters dabei nicht zusetzen, ist eine Behandlung mit giftigem Chlor erforderlich. Das dabei anfallende Abwasser soll in die Jade geleitet werden. Weitere Terminals f\u00fcr LNG (Liquefied Natural Gas) sind in Brunsb\u00fcttel (Schleswig-Holstein), Stade (Niedersachsen) und Lubmin (Mecklenburg-Vorpommern) geplant.<\/p>\n<p>Kirche-Oldenburg<br \/>\n<a href=\"https:\/\/www.kirche-oldenburg.de\/\/aktuell\/news-niedersachsen\/artikel\/scholz-und-weil-eroeffnen-erstes-deutsches-lng-terminal\" target=\"_blank\" rel=\"noopener\">Scholz und Weil er\u00f6ffnen erstes deutsches LNG-Terminal<\/a><\/p>\n","protected":false},"excerpt":{"rendered":"<p>Wilhelmshaven (epd). Bundeskanzler Olaf Scholz (SPD) und Niedersachsens Ministerpr\u00e4sident Stephan Weil (SPD) haben am Samstag das erste deutsche LNG-Terminal in Wilhelmshaven in Betrieb genommen. Das Terminal werde gro\u00dfe Mengen Fl\u00fcssiggas f\u00fcr die Energieversorgung der n\u00e4chsten Zeit sicherstellen, sagte Weil. Umweltverb\u00e4nde, wie der Naturschutzbund und der Bund f\u00fcr Umwelt und Naturschutz Deutschland, hatten das Projekt zuvor als \u00fcberdimensioniert und klimasch\u00e4dlich kritisiert. &nbsp; Die Deutsche Umwelthilfe k\u00fcndigte am Samstag weitere rechtliche Schritte an. In direkter Nachbarschaft zum Unesco-Weltnaturerbe Wattenmeer w\u00fcrden gro\u00dfe Mengen Biozide ins Meer geleitet, trotz technischer Alternativen, hie\u00df es. Einwendungen der Umweltverb\u00e4nde seien ignoriert worden. Die Organisation forderte eine Befristung&#8230;<\/p>\n","protected":false},"author":7,"featured_media":0,"comment_status":"false","ping_status":"open","sticky":false,"template":"","format":"standard","meta":{"footnotes":""},"categories":[43],"tags":[44],"class_list":["post-22917","post","type-post","status-publish","format-standard","hentry","category-kirche-oldenburg","tag-kirche-oldenburg"],"_links":{"self":[{"href":"https:\/\/christusnews.de\/site\/wp-json\/wp\/v2\/posts\/22917","targetHints":{"allow":["GET"]}}],"collection":[{"href":"https:\/\/christusnews.de\/site\/wp-json\/wp\/v2\/posts"}],"about":[{"href":"https:\/\/christusnews.de\/site\/wp-json\/wp\/v2\/types\/post"}],"author":[{"embeddable":true,"href":"https:\/\/christusnews.de\/site\/wp-json\/wp\/v2\/users\/7"}],"replies":[{"embeddable":true,"href":"https:\/\/christusnews.de\/site\/wp-json\/wp\/v2\/comments?post=22917"}],"version-history":[{"count":1,"href":"https:\/\/christusnews.de\/site\/wp-json\/wp\/v2\/posts\/22917\/revisions"}],"predecessor-version":[{"id":22918,"href":"https:\/\/christusnews.de\/site\/wp-json\/wp\/v2\/posts\/22917\/revisions\/22918"}],"wp:attachment":[{"href":"https:\/\/christusnews.de\/site\/wp-json\/wp\/v2\/media?parent=22917"}],"wp:term":[{"taxonomy":"category","embeddable":true,"href":"https:\/\/christusnews.de\/site\/wp-json\/wp\/v2\/categories?post=22917"},{"taxonomy":"post_tag","embeddable":true,"href":"https:\/\/christusnews.de\/site\/wp-json\/wp\/v2\/tags?post=22917"}],"curies":[{"name":"wp","href":"https:\/\/api.w.org\/{rel}","templated":true}]}}