{"id":22919,"date":"2022-12-16T08:56:00","date_gmt":"2022-12-16T07:56:00","guid":{"rendered":"https:\/\/christusnews.de\/site\/juedische-gemeinden-entzuenden-chanukka-leuchter-in-landeshauptstadt\/"},"modified":"2022-12-19T10:17:28","modified_gmt":"2022-12-19T09:17:28","slug":"juedische-gemeinden-entzuenden-chanukka-leuchter-in-landeshauptstadt","status":"publish","type":"post","link":"https:\/\/christusnews.de\/site\/juedische-gemeinden-entzuenden-chanukka-leuchter-in-landeshauptstadt\/","title":{"rendered":"J\u00fcdische Gemeinden entz\u00fcnden Chanukka-Leuchter in Landeshauptstadt"},"content":{"rendered":"<p class=\"MsoPlainText\">Hannover (epd). Zu Beginn des j\u00fcdischen Lichterfests Chanukka laden Vertreter des Judentums an diesem Sonntag (18. Dezember) auf den Opernplatz in Hannover ein. Dort soll feierlich die erste Kerze an einem gro\u00dfen Chanukka-Leuchter angez\u00fcndet werden, wie das nieders\u00e4chsische Kultusministerium am Freitag mitteilte. Dabei spricht die stellvertretende Ministerpr\u00e4sidentin Julia Willie Hamburg (Gr\u00fcne) ein Gru\u00dfwort.<\/p>\n<p class=\"MsoPlainText\">&nbsp;<\/p>\n<p class=\"MsoPlainText\">An der Zeremonie seien ebenfalls der Pr\u00e4sident des Landesverbands der J\u00fcdischen Gemeinden, Michael F\u00fcrst, und der Oberb\u00fcrgermeister der Landeshauptstadt, Belit Onay (Gr\u00fcne) beteiligt, hie\u00df es. Rabbiner Levi Itzchak Gottlib werde die zentrale Chanukka-Kerze anz\u00fcnden. Anschlie\u00dfend wollen der Rabbiner und die Ehreng\u00e4ste dem Chanukka-Brauch folgend Geschenke an die anwesenden Kinder verteilen.<\/p>\n<p class=\"MsoPlainText\">&nbsp;<\/p>\n<p class=\"MsoPlainText\">Das j\u00fcdische Lichterfest Chanukka findet immer zwischen Ende November und Ende Dezember statt. Es erinnert an das \u00abChanukka-Wunder\u00bb: Nach der j\u00fcdischen \u00dcberlieferung brannten bei der Wiedereinweihung des Zweiten Tempels in Jerusalem die Lichter des siebenarmigen Leuchters acht Tage lang, obwohl nur \u00d6l f\u00fcr einen Tag vorhanden war.<\/p>\n<p>Kirche-Oldenburg<br \/>\n<a href=\"https:\/\/www.kirche-oldenburg.de\/\/aktuell\/news-niedersachsen\/artikel\/juedische-gemeinden-entzuenden-chanukka-leuchter-in-landeshauptstadt\" target=\"_blank\" rel=\"noopener\">J\u00fcdische Gemeinden entz\u00fcnden Chanukka-Leuchter in Landeshauptstadt<\/a><\/p>\n","protected":false},"excerpt":{"rendered":"<p>Hannover (epd). Zu Beginn des j\u00fcdischen Lichterfests Chanukka laden Vertreter des Judentums an diesem Sonntag (18. Dezember) auf den Opernplatz in Hannover ein. Dort soll feierlich die erste Kerze an einem gro\u00dfen Chanukka-Leuchter angez\u00fcndet werden, wie das nieders\u00e4chsische Kultusministerium am Freitag mitteilte. Dabei spricht die stellvertretende Ministerpr\u00e4sidentin Julia Willie Hamburg (Gr\u00fcne) ein Gru\u00dfwort. &nbsp; An der Zeremonie seien ebenfalls der Pr\u00e4sident des Landesverbands der J\u00fcdischen Gemeinden, Michael F\u00fcrst, und der Oberb\u00fcrgermeister der Landeshauptstadt, Belit Onay (Gr\u00fcne) beteiligt, hie\u00df es. Rabbiner Levi Itzchak Gottlib werde die zentrale Chanukka-Kerze anz\u00fcnden. Anschlie\u00dfend wollen der Rabbiner und die Ehreng\u00e4ste dem Chanukka-Brauch folgend Geschenke an&#8230;<\/p>\n","protected":false},"author":7,"featured_media":0,"comment_status":"false","ping_status":"open","sticky":false,"template":"","format":"standard","meta":{"footnotes":""},"categories":[43],"tags":[44],"class_list":["post-22919","post","type-post","status-publish","format-standard","hentry","category-kirche-oldenburg","tag-kirche-oldenburg"],"_links":{"self":[{"href":"https:\/\/christusnews.de\/site\/wp-json\/wp\/v2\/posts\/22919","targetHints":{"allow":["GET"]}}],"collection":[{"href":"https:\/\/christusnews.de\/site\/wp-json\/wp\/v2\/posts"}],"about":[{"href":"https:\/\/christusnews.de\/site\/wp-json\/wp\/v2\/types\/post"}],"author":[{"embeddable":true,"href":"https:\/\/christusnews.de\/site\/wp-json\/wp\/v2\/users\/7"}],"replies":[{"embeddable":true,"href":"https:\/\/christusnews.de\/site\/wp-json\/wp\/v2\/comments?post=22919"}],"version-history":[{"count":1,"href":"https:\/\/christusnews.de\/site\/wp-json\/wp\/v2\/posts\/22919\/revisions"}],"predecessor-version":[{"id":22920,"href":"https:\/\/christusnews.de\/site\/wp-json\/wp\/v2\/posts\/22919\/revisions\/22920"}],"wp:attachment":[{"href":"https:\/\/christusnews.de\/site\/wp-json\/wp\/v2\/media?parent=22919"}],"wp:term":[{"taxonomy":"category","embeddable":true,"href":"https:\/\/christusnews.de\/site\/wp-json\/wp\/v2\/categories?post=22919"},{"taxonomy":"post_tag","embeddable":true,"href":"https:\/\/christusnews.de\/site\/wp-json\/wp\/v2\/tags?post=22919"}],"curies":[{"name":"wp","href":"https:\/\/api.w.org\/{rel}","templated":true}]}}