{"id":22924,"date":"2022-12-19T16:33:47","date_gmt":"2022-12-19T15:33:47","guid":{"rendered":"https:\/\/christusnews.de\/site\/ich-schliesse-die-kirche-ab-es-ist-spaet-geworden-so-still-der-heppenser-berg-die-strassenlaternen-beleuchten-ein-wenig-die-kirchedie-im-moment-nicht-mehr-angestrahlt-wird-die-kirche-leuchtet-in\/"},"modified":"2022-12-19T22:17:22","modified_gmt":"2022-12-19T21:17:22","slug":"ich-schliesse-die-kirche-ab-es-ist-spaet-geworden-so-still-der-heppenser-berg-die-strassenlaternen-beleuchten-ein-wenig-die-kirchedie-im-moment-nicht-mehr-angestrahlt-wird-die-kirche-leuchtet-in","status":"publish","type":"post","link":"https:\/\/christusnews.de\/site\/ich-schliesse-die-kirche-ab-es-ist-spaet-geworden-so-still-der-heppenser-berg-die-strassenlaternen-beleuchten-ein-wenig-die-kirchedie-im-moment-nicht-mehr-angestrahlt-wird-die-kirche-leuchtet-in\/","title":{"rendered":"Ich schlie\u00dfe die Kirche ab.\nEs ist sp\u00e4t geworden.\nSo still der Heppenser Berg.\nDie Stra\u00dfenlaternen beleuchten ein wenig die Kirche,\ndie im Moment nicht mehr angestrahlt wird.\nDie Kirche leuchtet innen, \ndas Friedenlicht steht im Taufstein. \nWer will, kann davon mitnehmen.\nDrau\u00dfen leuchten die Laternen,\nim na\u00dfkalten Winter.\nLicht.\nWie wird es licht in mir? \n(RC) \n\nAbendstille mit Friedenslicht aus Bethlehem.\nJedes Jahr wird am Geburtsort Jesu ein Licht entz\u00fcndet und in alle Welt getragen von den Pfadfindern. Auch hier am \u00e4u\u00dfersten Meer ist es angekommen. Wir werden still um dieses Licht. Wer m\u00f6chte, kann es aus der Abendstille mitnehmen. (Bringt euch eine Laterne oder andere Transportm\u00f6glichkeit mit) \nAbendstille &quot;Friedenslicht&quot; mit Musikensemble der NAK \nam Mittwoch in der Heppenser Kirche"},"content":{"rendered":"<p>Ich schlie\u00dfe die Kirche ab.<br \/>\nEs ist sp\u00e4t geworden.<br \/>\nSo still der Heppenser Berg.<br \/>\nDie Stra\u00dfenlaternen beleuchten ein wenig die Kirche,<br \/>\ndie im Moment nicht mehr angestrahlt wird.<br \/>\nDie Kirche leuchtet innen,<br \/>\ndas Friedenlicht steht im Taufstein.<br \/>\nWer will, kann davon mitnehmen.<br \/>\nDrau\u00dfen leuchten die Laternen,<br \/>\nim na\u00dfkalten Winter.<br \/>\nLicht.<br \/>\nWie wird es licht in mir?<br \/>\n(RC) <\/p>\n<p>Abendstille mit Friedenslicht aus Bethlehem.<br \/>\nJedes Jahr wird am Geburtsort Jesu ein Licht entz\u00fcndet und in alle Welt getragen von den Pfadfindern. Auch hier am \u00e4u\u00dfersten Meer ist es angekommen. Wir werden still um dieses Licht. Wer m\u00f6chte, kann es aus der Abendstille mitnehmen. (Bringt euch eine Laterne oder andere Transportm\u00f6glichkeit mit)<br \/>\nAbendstille &#8220;Friedenslicht&#8221; mit Musikensemble der NAK<br \/>\nam Mittwoch in der Heppenser Kirche<br \/>\nHAVENKIRCHE@FB<br \/>\n<a href=\"https:\/\/www.facebook.com\/396185572708352\/posts\/460888329571409\" target=\"_blank\" rel=\"noopener\">Ich schlie\u00dfe die Kirche ab.<br \/>\nEs ist sp\u00e4t geworden.<br \/>\nSo still der Heppenser Berg.<br \/>\nDie Stra\u00dfenlaternen beleuchten ein wenig die Kirche,<br \/>\ndie im Moment nicht mehr angestrahlt wird.<br \/>\nDie Kirche leuchtet innen,<br \/>\ndas Friedenlicht steht im Taufstein.<br \/>\nWer will, kann davon mitnehmen.<br \/>\nDrau\u00dfen leuchten die Laternen,<br \/>\nim na\u00dfkalten Winter.<br \/>\nLicht.<br \/>\nWie wird es licht in mir?<br \/>\n(RC) <\/p>\n<p>Abendstille mit Friedenslicht aus Bethlehem.<br \/>\nJedes Jahr wird am Geburtsort Jesu ein Licht entz\u00fcndet und in alle Welt getragen von den Pfadfindern. Auch hier am \u00e4u\u00dfersten Meer ist es angekommen. Wir werden still um dieses Licht. Wer m\u00f6chte, kann es aus der Abendstille mitnehmen. (Bringt euch eine Laterne oder andere Transportm\u00f6glichkeit mit)<br \/>\nAbendstille &quot;Friedenslicht&quot; mit Musikensemble der NAK<br \/>\nam Mittwoch in der Heppenser Kirche<\/a><\/p>\n","protected":false},"excerpt":{"rendered":"<p>Ich schlie\u00dfe die Kirche ab. Es ist sp\u00e4t geworden. So still der Heppenser Berg. Die Stra\u00dfenlaternen beleuchten ein wenig die Kirche, die im Moment nicht mehr angestrahlt wird. Die Kirche leuchtet innen, das Friedenlicht steht im Taufstein. Wer will, kann davon mitnehmen. Drau\u00dfen leuchten die Laternen, im na\u00dfkalten Winter. Licht. Wie wird es licht in mir? (RC) Abendstille mit Friedenslicht aus Bethlehem. Jedes Jahr wird am Geburtsort Jesu ein Licht entz\u00fcndet und in alle Welt getragen von den Pfadfindern. Auch hier am \u00e4u\u00dfersten Meer ist es angekommen. Wir werden still um dieses Licht. Wer m\u00f6chte, kann es aus der Abendstille&#8230;<\/p>\n","protected":false},"author":6,"featured_media":0,"comment_status":"false","ping_status":"open","sticky":false,"template":"","format":"standard","meta":{"footnotes":""},"categories":[75],"tags":[76],"class_list":["post-22924","post","type-post","status-publish","format-standard","hentry","category-havenkirche","tag-havenkirche"],"_links":{"self":[{"href":"https:\/\/christusnews.de\/site\/wp-json\/wp\/v2\/posts\/22924","targetHints":{"allow":["GET"]}}],"collection":[{"href":"https:\/\/christusnews.de\/site\/wp-json\/wp\/v2\/posts"}],"about":[{"href":"https:\/\/christusnews.de\/site\/wp-json\/wp\/v2\/types\/post"}],"author":[{"embeddable":true,"href":"https:\/\/christusnews.de\/site\/wp-json\/wp\/v2\/users\/6"}],"replies":[{"embeddable":true,"href":"https:\/\/christusnews.de\/site\/wp-json\/wp\/v2\/comments?post=22924"}],"version-history":[{"count":1,"href":"https:\/\/christusnews.de\/site\/wp-json\/wp\/v2\/posts\/22924\/revisions"}],"predecessor-version":[{"id":22925,"href":"https:\/\/christusnews.de\/site\/wp-json\/wp\/v2\/posts\/22924\/revisions\/22925"}],"wp:attachment":[{"href":"https:\/\/christusnews.de\/site\/wp-json\/wp\/v2\/media?parent=22924"}],"wp:term":[{"taxonomy":"category","embeddable":true,"href":"https:\/\/christusnews.de\/site\/wp-json\/wp\/v2\/categories?post=22924"},{"taxonomy":"post_tag","embeddable":true,"href":"https:\/\/christusnews.de\/site\/wp-json\/wp\/v2\/tags?post=22924"}],"curies":[{"name":"wp","href":"https:\/\/api.w.org\/{rel}","templated":true}]}}