{"id":22939,"date":"2022-12-19T10:22:00","date_gmt":"2022-12-19T09:22:00","guid":{"rendered":"https:\/\/christusnews.de\/site\/evangelisches-bildungszentrum-will-lust-auf-zukunft-machen\/"},"modified":"2022-12-20T22:17:20","modified_gmt":"2022-12-20T21:17:20","slug":"evangelisches-bildungszentrum-will-lust-auf-zukunft-machen","status":"publish","type":"post","link":"https:\/\/christusnews.de\/site\/evangelisches-bildungszentrum-will-lust-auf-zukunft-machen\/","title":{"rendered":"Evangelisches Bildungszentrum will \u00abLust auf Zukunft\u00bb machen"},"content":{"rendered":"<p class=\"MsoPlainText\">Geestland\/Kr. Cuxhaven (epd). \u00abLust auf Zukunft\u00bb: Unter diesem Leitmotiv pr\u00e4sentiert das Evangelische Bildungszentrum Bad Bederkesa trotz Krisenzeiten sein Jahresprogramm f\u00fcr 2023. Dazu geh\u00f6rten knapp 200 eigene Veranstaltungen, blickte am Montag der Leiter des Bildungszentrums, J\u00f6rg Matzen, voraus. So organisiere das Haus unter Beteiligung des prominenten Klimaforschers Hans Joachim Schellnhuber eine erste regionale Klimakonferenz. Im Fokus seien dann insbesondere Strategien zur Anpassung an die nicht mehr abwendbaren Folgen des Klimawandels.<\/p>\n<p class=\"MsoPlainText\">&nbsp;<\/p>\n<p class=\"MsoPlainText\">\u00abUnser besonderes Anliegen ist die St\u00e4rkung und Verteidigung unserer Demokratie\u00bb, umriss Matzen einen weiteren Schwerpunkt in dem knapp 100 Seiten starken Jahresprogramm. Dazu z\u00e4hlen beispielsweise Angebote zur angemessenen Reaktion auf Rassismus, zum inklusiven Wahlrecht und zum Freiwilligenmanagement. Mit einer ganzen Reihe von Seminaren will Bad Bederkesa Beispiele geben, wie Krisen gut bew\u00e4ltigt werden k\u00f6nnen.<\/p>\n<p class=\"MsoPlainText\">&nbsp;<\/p>\n<p class=\"MsoPlainText\">\u00abKrisenzeiten sind Bildungszeiten\u00bb, betonte Matzen und verwies auf ein neues System sozialer Staffelpreise f\u00fcr nicht beruflich orientierte Seminare, das seinen Angaben zufolge unter den nieders\u00e4chsischen Heimvolkshochschulen bislang einzigartig ist. So gibt es einen \u00abNormalpreis\u00bb, der Matzen zufolge die Kosten ann\u00e4hernd deckt. Ein \u00aberm\u00e4\u00dfigter Preis\u00bb liegt 20 Prozent darunter, ein \u00abSolidarit\u00e4tspreis\u00bb 20 Prozent dar\u00fcber. \u00abDie finanziell St\u00e4rkeren sorgen durch ihren Beitrag f\u00fcr ein wenig mehr Bildungsgerechtigkeit und Zusammenhalt unter uns\u00bb, bekr\u00e4ftigte Matzen.<\/p>\n<p class=\"MsoPlainText\">&nbsp;<\/p>\n<p class=\"MsoPlainText\">Das Zentrum mit seinen derzeit 41 Mitarbeitenden hat in diesem Jahr sein 40-j\u00e4hriges Bestehen gefeiert. Es wurde am 1. September 1982 auf Initiative des einstigen Stader Landessuperintendenten und sp\u00e4teren Berliner Bischofs Martin Kruse als \u00abSprengelzentrum\u00bb gegr\u00fcndet. Nach einer ersten Erweiterung startete es zur Jahrtausendwende unter dem jetzigen Namen in die Zukunft. 2013 erfolgten eine zweite Erweiterung sowie ein Umbau zum Plus-Energiehaus, um m\u00f6glichst effizient mit Strom und W\u00e4rme umzugehen. 2014 \u00fcbernahm die Einrichtung das nahe gelegene Kloster Neuenwalde als besonderen Ort f\u00fcr Auszeiten und spirituelle Angebote.<\/p>\n<p class=\"MsoPlainText\">&nbsp;<\/p>\n<p class=\"MsoPlainText\">Thematische Schwerpunkte der Arbeit sind neben Klima, Demokratie und P\u00e4dagogik Angebote zur personalen Entwicklung, zur beruflichen Kompetenz und Kurse zum \u00c4lterwerden, f\u00fcr Familien sowie zu Spiritualit\u00e4t, Theologie, Kreativit\u00e4t und Lehrerfortbildungen. Mittlerweile bietet das Zentrum insgesamt 80 G\u00e4stezimmer, in Vor-Corona-Zeiten kamen im Jahr durchschnittlich etwa 10.500 G\u00e4ste.&nbsp;Das Bildungszentrum wird auch oft von Gastgruppen gebucht, von denen es Matzen zufolge in diesem Jahr 280 in Bad Bederkesa gegeben hat.<\/p>\n<p>Kirche-Oldenburg<br \/>\n<a href=\"https:\/\/www.kirche-oldenburg.de\/\/aktuell\/news-niedersachsen\/artikel\/evangelisches-bildungszentrum-will-lust-auf-zukunft-machen\" target=\"_blank\" rel=\"noopener\">Evangelisches Bildungszentrum will \u00abLust auf Zukunft\u00bb machen<\/a><\/p>\n","protected":false},"excerpt":{"rendered":"<p>Geestland\/Kr. Cuxhaven (epd). \u00abLust auf Zukunft\u00bb: Unter diesem Leitmotiv pr\u00e4sentiert das Evangelische Bildungszentrum Bad Bederkesa trotz Krisenzeiten sein Jahresprogramm f\u00fcr 2023. Dazu geh\u00f6rten knapp 200 eigene Veranstaltungen, blickte am Montag der Leiter des Bildungszentrums, J\u00f6rg Matzen, voraus. So organisiere das Haus unter Beteiligung des prominenten Klimaforschers Hans Joachim Schellnhuber eine erste regionale Klimakonferenz. Im Fokus seien dann insbesondere Strategien zur Anpassung an die nicht mehr abwendbaren Folgen des Klimawandels. &nbsp; \u00abUnser besonderes Anliegen ist die St\u00e4rkung und Verteidigung unserer Demokratie\u00bb, umriss Matzen einen weiteren Schwerpunkt in dem knapp 100 Seiten starken Jahresprogramm. Dazu z\u00e4hlen beispielsweise Angebote zur angemessenen Reaktion auf&#8230;<\/p>\n","protected":false},"author":7,"featured_media":0,"comment_status":"false","ping_status":"open","sticky":false,"template":"","format":"standard","meta":{"footnotes":""},"categories":[43],"tags":[44],"class_list":["post-22939","post","type-post","status-publish","format-standard","hentry","category-kirche-oldenburg","tag-kirche-oldenburg"],"_links":{"self":[{"href":"https:\/\/christusnews.de\/site\/wp-json\/wp\/v2\/posts\/22939","targetHints":{"allow":["GET"]}}],"collection":[{"href":"https:\/\/christusnews.de\/site\/wp-json\/wp\/v2\/posts"}],"about":[{"href":"https:\/\/christusnews.de\/site\/wp-json\/wp\/v2\/types\/post"}],"author":[{"embeddable":true,"href":"https:\/\/christusnews.de\/site\/wp-json\/wp\/v2\/users\/7"}],"replies":[{"embeddable":true,"href":"https:\/\/christusnews.de\/site\/wp-json\/wp\/v2\/comments?post=22939"}],"version-history":[{"count":1,"href":"https:\/\/christusnews.de\/site\/wp-json\/wp\/v2\/posts\/22939\/revisions"}],"predecessor-version":[{"id":22940,"href":"https:\/\/christusnews.de\/site\/wp-json\/wp\/v2\/posts\/22939\/revisions\/22940"}],"wp:attachment":[{"href":"https:\/\/christusnews.de\/site\/wp-json\/wp\/v2\/media?parent=22939"}],"wp:term":[{"taxonomy":"category","embeddable":true,"href":"https:\/\/christusnews.de\/site\/wp-json\/wp\/v2\/categories?post=22939"},{"taxonomy":"post_tag","embeddable":true,"href":"https:\/\/christusnews.de\/site\/wp-json\/wp\/v2\/tags?post=22939"}],"curies":[{"name":"wp","href":"https:\/\/api.w.org\/{rel}","templated":true}]}}