{"id":22961,"date":"2022-12-20T10:24:00","date_gmt":"2022-12-20T09:24:00","guid":{"rendered":"https:\/\/christusnews.de\/site\/weihnachten-licht-der-hoffnung-und-des-friedens-weitergeben\/"},"modified":"2022-12-21T22:17:28","modified_gmt":"2022-12-21T21:17:28","slug":"weihnachten-licht-der-hoffnung-und-des-friedens-weitergeben","status":"publish","type":"post","link":"https:\/\/christusnews.de\/site\/weihnachten-licht-der-hoffnung-und-des-friedens-weitergeben\/","title":{"rendered":"Weihnachten: Licht der Hoffnung und des Friedens weitergeben"},"content":{"rendered":"<p class=\"MsoPlainText\">Hannover (epd). Leitende Theologen der evangelischen Kirchen in Deutschland haben zu Weihnachten auf die Not vieler Menschen hingewiesen. Weihnachten sei \u00abaufgeladen von Geschichten\u00bb, sagte der Leitende Bischof der Vereinigten Evangelisch-Lutherischen Kirche Deutschlands (VELKD), Ralf Meister, am Dienstag in Hannover. In diesem Jahr seien viele dieser Geschichten bedr\u00fcckend. Sie handelten von \u00abGefl\u00fcchteten, die an Grenzen festsitzen. Von Menschen in Angst vor Bomben und Raketen\u00bb.<\/p>\n<p class=\"MsoPlainText\">&nbsp;<\/p>\n<p class=\"MsoPlainText\">Der Theologe erinnerte auch an die Sorgen von Menschen, die unter der Erderw\u00e4rmung und unter steigenden Lebensmittelpreisen leiden, die Angst um ihre Betriebe h\u00e4tten oder sogar bereits aufgeben mussten. Die gr\u00f6\u00dfte Geschichte aber schreibe Gott selbst. Es sei \u00abdie Geschichte von Aufbruch und Rettung\u00bb.<\/p>\n<p class=\"MsoPlainText\">&nbsp;<\/p>\n<p class=\"MsoPlainText\">Der rheinische Pr\u00e4ses Thorsten Latzel rief dazu auf, in den Gottesdiensten zu Weihnachten f\u00fcr das Hilfswerk \u00abBrot f\u00fcr die Welt\u00bb zu spenden. Weltweit blickten viele Menschen angesichts von Krieg und Krisen sorgenvoll in die Zukunft, erkl\u00e4rte der leitende Geistliche der zweitgr\u00f6\u00dften deutschen Landeskirche in D\u00fcsseldorf. Besonders der Klimawandel sei eine existenzielle Bedrohung f\u00fcr das Leben in vielen Regionen der Erde. Die Erderw\u00e4rmung gef\u00e4hrde Ern\u00e4hrung und Wasserversorgung von Milliarden Menschen.<\/p>\n<p class=\"MsoPlainText\">&nbsp;<\/p>\n<p class=\"MsoPlainText\">Jeder solle daf\u00fcr einstehen, \u00abdass sich Frieden, Freiheit und Gerechtigkeit ausbreiten auf der Welt\u00bb, schrieb der braunschweigische Bischof Christoph Meyns in seiner Weihnachtsbotschaft. Dass die Kirchengeb\u00e4ude in diesem Winter k\u00e4lter als gew\u00f6hnlich blieben, sei eine Folge des Krieges in der Ukraine. Gleichzeitig werde deutlich, dass alle Menschen die Erderw\u00e4rmung begrenzen m\u00fcssten, betonte Meyns: \u00abWir bekommen es zunehmend zu sp\u00fcren, wie sehr unser pers\u00f6nliches Leben von globalen Entwicklungen abh\u00e4ngt.\u00bb<\/p>\n<p class=\"MsoPlainText\">&nbsp;<\/p>\n<p class=\"MsoPlainText\">Die pf\u00e4lzische Kirchenpr\u00e4sidentin Dorothee W\u00fcst appellierte an die Menschen, sich auf das Wunder der Weihnacht einzulassen. Die Aufgabe der Gl\u00e4ubigen sei es, das g\u00f6ttliche Licht der Hoffnung und des Friedens an andere weiterzugeben, sagte W\u00fcst in Speyer.<\/p>\n<p class=\"MsoPlainText\">&nbsp;<\/p>\n<p class=\"MsoPlainText\">Er w\u00fcnsche sich, dass sich die Menschen von der Friedensbotschaft Gottes st\u00e4rken lie\u00dfen, erg\u00e4nzte der Bischof der Evangelisch-Lutherischen Kirche in Oldenburg, Thomas Adomeit: \u00abEr ist Mensch geworden, damit er uns nahe sein kann.\u00bb Weihnachten gebe Hoffnung auf eine friedlichere Welt \u00abin der Ukraine und \u00fcberall dort, wo sich Menschen gegenseitig Gewalt antun\u00bb.<\/p>\n<p>Kirche-Oldenburg<br \/>\n<a href=\"https:\/\/www.kirche-oldenburg.de\/\/aktuell\/news-niedersachsen\/artikel\/weihnachten-licht-der-hoffnung-und-des-friedens-weitergeben\" target=\"_blank\" rel=\"noopener\">Weihnachten: Licht der Hoffnung und des Friedens weitergeben<\/a><\/p>\n","protected":false},"excerpt":{"rendered":"<p>Hannover (epd). Leitende Theologen der evangelischen Kirchen in Deutschland haben zu Weihnachten auf die Not vieler Menschen hingewiesen. Weihnachten sei \u00abaufgeladen von Geschichten\u00bb, sagte der Leitende Bischof der Vereinigten Evangelisch-Lutherischen Kirche Deutschlands (VELKD), Ralf Meister, am Dienstag in Hannover. In diesem Jahr seien viele dieser Geschichten bedr\u00fcckend. Sie handelten von \u00abGefl\u00fcchteten, die an Grenzen festsitzen. Von Menschen in Angst vor Bomben und Raketen\u00bb. &nbsp; Der Theologe erinnerte auch an die Sorgen von Menschen, die unter der Erderw\u00e4rmung und unter steigenden Lebensmittelpreisen leiden, die Angst um ihre Betriebe h\u00e4tten oder sogar bereits aufgeben mussten. Die gr\u00f6\u00dfte Geschichte aber schreibe Gott selbst&#8230;.<\/p>\n","protected":false},"author":7,"featured_media":0,"comment_status":"false","ping_status":"open","sticky":false,"template":"","format":"standard","meta":{"footnotes":""},"categories":[43],"tags":[44],"class_list":["post-22961","post","type-post","status-publish","format-standard","hentry","category-kirche-oldenburg","tag-kirche-oldenburg"],"_links":{"self":[{"href":"https:\/\/christusnews.de\/site\/wp-json\/wp\/v2\/posts\/22961","targetHints":{"allow":["GET"]}}],"collection":[{"href":"https:\/\/christusnews.de\/site\/wp-json\/wp\/v2\/posts"}],"about":[{"href":"https:\/\/christusnews.de\/site\/wp-json\/wp\/v2\/types\/post"}],"author":[{"embeddable":true,"href":"https:\/\/christusnews.de\/site\/wp-json\/wp\/v2\/users\/7"}],"replies":[{"embeddable":true,"href":"https:\/\/christusnews.de\/site\/wp-json\/wp\/v2\/comments?post=22961"}],"version-history":[{"count":1,"href":"https:\/\/christusnews.de\/site\/wp-json\/wp\/v2\/posts\/22961\/revisions"}],"predecessor-version":[{"id":22962,"href":"https:\/\/christusnews.de\/site\/wp-json\/wp\/v2\/posts\/22961\/revisions\/22962"}],"wp:attachment":[{"href":"https:\/\/christusnews.de\/site\/wp-json\/wp\/v2\/media?parent=22961"}],"wp:term":[{"taxonomy":"category","embeddable":true,"href":"https:\/\/christusnews.de\/site\/wp-json\/wp\/v2\/categories?post=22961"},{"taxonomy":"post_tag","embeddable":true,"href":"https:\/\/christusnews.de\/site\/wp-json\/wp\/v2\/tags?post=22961"}],"curies":[{"name":"wp","href":"https:\/\/api.w.org\/{rel}","templated":true}]}}