{"id":22963,"date":"2022-12-21T11:13:00","date_gmt":"2022-12-21T10:13:00","guid":{"rendered":"https:\/\/christusnews.de\/site\/gemeinde-bei-bremen-feiert-erneut-trecker-weihnacht\/"},"modified":"2022-12-22T22:17:20","modified_gmt":"2022-12-22T21:17:20","slug":"gemeinde-bei-bremen-feiert-erneut-trecker-weihnacht","status":"publish","type":"post","link":"https:\/\/christusnews.de\/site\/gemeinde-bei-bremen-feiert-erneut-trecker-weihnacht\/","title":{"rendered":"Gemeinde bei Bremen feiert erneut \u00abTrecker-Weihnacht\u00bb"},"content":{"rendered":"<p class=\"MsoPlainText\">Stuhr\/Kr. Diepholz (epd). Pastor Robert Vetter aus Stuhr bei Bremen wird auch in diesem Jahr an Heiligabend mit seinem Trecker und einem Anh\u00e4nger durch die Gemeinde ziehen und dort Weihnachtsandachten unter freiem Himmel feiern. \u00abWir entsprechen dem Wunsch vieler Gemeindeglieder, die das sch\u00f6n finden\u00bb, sagte Vetter dem Evangelischen Pressedienst (epd). Von der Veranda einer mobilen Waldh\u00fctte aus wird der evangelische Pastor kurze Predigten an vier Orten halten.<\/p>\n<p class=\"MsoPlainText\">&nbsp;<\/p>\n<p class=\"MsoPlainText\">Der weihnachtlich geschm\u00fcckte Anh\u00e4nger mit der H\u00fctte dient Vetter damit schon im dritten Jahr in Folge als Kanzel. 2020 und 2021 hatte Vetter seine Heiligabend-Gottesdienste wegen der Corona-Pandemie kurzerhand nach drau\u00dfen verlegt und damit viel Aufmerksamkeit erregt.<\/p>\n<p class=\"MsoPlainText\">&nbsp;<\/p>\n<p class=\"MsoPlainText\">In diesem Jahr sei die \u00abTrecker-Weihnacht unter freiem Himmel\u00bb auch eine Reaktion auf die Energiekrise. Die mittelalterliche Kirche in Stuhr werde ohnehin nur auf maximal 13 Grad geheizt. \u00abWenn man dann eine Weile sitzt, kann es auch drinnen ganz sch\u00f6n kalt werden\u00bb, sagte Vetter. \u00abDann kann man auch gleich drau\u00dfen feiern.\u00bb Geplant sind vier etwa zwanzigmin\u00fctige Andachten auf einem Parkplatz, in einem Dorfzentrum, an einem Abenteuerspielplatz und auf einer Wiese. Der Ernteverein Alt-Stuhr stellt wieder das Fahrzeug-Gespann und hilft bei der Organisation.<\/p>\n<p class=\"MsoPlainText\">&nbsp;<\/p>\n<p class=\"MsoPlainText\">Die Dorfkirche aus dem Mittelalter fasse maximal 250 Personen, sagte der Theologe. \u00abMit den Trecker-Andachten k\u00f6nnen wir aber bis zu 700 Menschen erreichen\u00bb. Glockengel\u00e4ut und Musik kommen wie in den Vorjahren aus dem Lautsprecher. Wer den Gottesdienst an Heiligabend unbedingt in der kalten Kirche erleben will, kommt Vetter zufolge auch zum Zuge: Um 23 Uhr gibt es seinen Angaben zufolge in der Dorfkirche eine Christmette ohne Trecker.<\/p>\n<p>Kirche-Oldenburg<br \/>\n<a href=\"https:\/\/www.kirche-oldenburg.de\/\/aktuell\/news-niedersachsen\/artikel\/gemeinde-bei-bremen-feiert-erneut-trecker-weihnacht\" target=\"_blank\" rel=\"noopener\">Gemeinde bei Bremen feiert erneut \u00abTrecker-Weihnacht\u00bb<\/a><\/p>\n","protected":false},"excerpt":{"rendered":"<p>Stuhr\/Kr. Diepholz (epd). Pastor Robert Vetter aus Stuhr bei Bremen wird auch in diesem Jahr an Heiligabend mit seinem Trecker und einem Anh\u00e4nger durch die Gemeinde ziehen und dort Weihnachtsandachten unter freiem Himmel feiern. \u00abWir entsprechen dem Wunsch vieler Gemeindeglieder, die das sch\u00f6n finden\u00bb, sagte Vetter dem Evangelischen Pressedienst (epd). Von der Veranda einer mobilen Waldh\u00fctte aus wird der evangelische Pastor kurze Predigten an vier Orten halten. &nbsp; Der weihnachtlich geschm\u00fcckte Anh\u00e4nger mit der H\u00fctte dient Vetter damit schon im dritten Jahr in Folge als Kanzel. 2020 und 2021 hatte Vetter seine Heiligabend-Gottesdienste wegen der Corona-Pandemie kurzerhand nach drau\u00dfen verlegt&#8230;<\/p>\n","protected":false},"author":7,"featured_media":0,"comment_status":"false","ping_status":"open","sticky":false,"template":"","format":"standard","meta":{"footnotes":""},"categories":[43],"tags":[44],"class_list":["post-22963","post","type-post","status-publish","format-standard","hentry","category-kirche-oldenburg","tag-kirche-oldenburg"],"_links":{"self":[{"href":"https:\/\/christusnews.de\/site\/wp-json\/wp\/v2\/posts\/22963","targetHints":{"allow":["GET"]}}],"collection":[{"href":"https:\/\/christusnews.de\/site\/wp-json\/wp\/v2\/posts"}],"about":[{"href":"https:\/\/christusnews.de\/site\/wp-json\/wp\/v2\/types\/post"}],"author":[{"embeddable":true,"href":"https:\/\/christusnews.de\/site\/wp-json\/wp\/v2\/users\/7"}],"replies":[{"embeddable":true,"href":"https:\/\/christusnews.de\/site\/wp-json\/wp\/v2\/comments?post=22963"}],"version-history":[{"count":1,"href":"https:\/\/christusnews.de\/site\/wp-json\/wp\/v2\/posts\/22963\/revisions"}],"predecessor-version":[{"id":22964,"href":"https:\/\/christusnews.de\/site\/wp-json\/wp\/v2\/posts\/22963\/revisions\/22964"}],"wp:attachment":[{"href":"https:\/\/christusnews.de\/site\/wp-json\/wp\/v2\/media?parent=22963"}],"wp:term":[{"taxonomy":"category","embeddable":true,"href":"https:\/\/christusnews.de\/site\/wp-json\/wp\/v2\/categories?post=22963"},{"taxonomy":"post_tag","embeddable":true,"href":"https:\/\/christusnews.de\/site\/wp-json\/wp\/v2\/tags?post=22963"}],"curies":[{"name":"wp","href":"https:\/\/api.w.org\/{rel}","templated":true}]}}