{"id":22965,"date":"2022-12-22T08:19:00","date_gmt":"2022-12-22T07:19:00","guid":{"rendered":"https:\/\/christusnews.de\/site\/bischoefin-weihnachten-ist-die-lichtspur-in-der-dunkelheit\/"},"modified":"2022-12-23T10:17:23","modified_gmt":"2022-12-23T09:17:23","slug":"bischoefin-weihnachten-ist-die-lichtspur-in-der-dunkelheit","status":"publish","type":"post","link":"https:\/\/christusnews.de\/site\/bischoefin-weihnachten-ist-die-lichtspur-in-der-dunkelheit\/","title":{"rendered":"Bisch\u00f6fin: \u00abWeihnachten ist die Lichtspur in der Dunkelheit\u00bb"},"content":{"rendered":"<p class=\"MsoPlainText\">Hannover (epd). Die leitenden Geistlichen der evangelischen Kirche haben die Bedeutung des Weihnachtsfests als Fest der Hoffnung betont.&nbsp;\u00abWir feiern Weihnachten, um uns anstecken zu lassen von der Weihnachtshoffnung\u00bb, sagte der ehemalige Ratsvorsitzende der Evangelischen Kirche in Deutschland (EKD), Heinrich Bedford-Strohm, in seiner am Donnerstag in M\u00fcnchen ver\u00f6ffentlichten Weihnachtsbotschaft. Am Samstag feiern Christen in aller Welt die Geburt Jesu vor mehr als 2000 Jahren.<\/p>\n<p class=\"MsoPlainText\">&nbsp;<\/p>\n<p class=\"MsoPlainText\">Das Jesuskind in der Krippe sei eine Botschaft von Gott, sagte Bedford-Strohm. Jesu Botschaft laute, sich nicht einreden zu lassen, \u00abdass diese Welt im Dunklen endet, dass die M\u00e4chte der Dunkelheit den Sieg davontragen\u00bb.<\/p>\n<p class=\"MsoPlainText\">&nbsp;<\/p>\n<p class=\"MsoPlainText\">Die EKD-Ratsvorsitzende, Annette Kurschus, beklagte die Notst\u00e4nde in deutschen Kinderkliniken. \u00abWer auf der Suche nach dem Sinn des Weihnachtsfests ist, sehe sich Bilder von einer Notaufnahme einer Kinderklinik an\u00bb, sagte die westf\u00e4lische Pr\u00e4ses in ihrer in Hannover ver\u00f6ffentlichten Weihnachtsbotschaft. Den Vers aus der biblischen Weihnachtsgeschichte \u00abIhr werdet finden das Kind in Windeln gewickelt und in einer Krippe liegen\u00bb sei f\u00fcr sie aktueller denn je, betonte die oberste Repr\u00e4sentantin von rund 20 Millionen Protestanten in Deutschland. Der schreiende S\u00e4ugling ohne Herberge halte den Menschen eindringlich vor Augen, worauf es ankomme.<\/p>\n<p class=\"MsoPlainText\">&nbsp;<\/p>\n<p class=\"MsoPlainText\">Der hannoversche Landesbischof Ralf Meister rief dazu auf, mehr Hoffnung zu wagen. \u00abZur Hoffnung besteht &#8211; trotz allem &#8211; mehr als genug Anlass\u00bb, sagte der Leitende Bischof der Vereinigten Evangelisch-Lutherischen Kirche Deutschlands (VELKD) dem Evangelischen Pressedienst (epd). \u00abDie Welt ist in vielen kleinen Momenten unseres Alltags oft besser, als wir sie sehen.\u00bb<\/p>\n<p class=\"MsoPlainText\">&nbsp;<\/p>\n<p class=\"MsoPlainText\">Tagt\u00e4glich erlebten Menschen kleinere und gr\u00f6\u00dfere Gl\u00fccksmomente, die die Gegenwart von etwas Gr\u00f6\u00dferem erahnen lie\u00dfen, sagte der Spitzenvertreter der mitgliederst\u00e4rksten Landeskirche. Solche Erfahrungen wirkten zun\u00e4chst nebens\u00e4chlich gegen\u00fcber den grausamen Bildern aus der Ukraine und beunruhigenden Nachrichten von durchfrorenen Wintern und zunehmenden sozialen Verwerfungen in der Gesellschaft. \u00abAber auch diese Erfahrungen z\u00e4hlen\u00bb, unterstrich Meister.<\/p>\n<p class=\"MsoPlainText\">&nbsp;<\/p>\n<p class=\"MsoPlainText\">Das Weihnachtsbild schlechthin sei in diesen Tagen ein Zelt in der ukrainischen Stadt Odessa, schrieb die kurhessische Bisch\u00f6fin Beate Hofmann in ihrer in Kassel ver\u00f6ffentlichten Weihnachtsbotschaft. \u00abDort ist es nach der Zerst\u00f6rung der Stromversorgung kalt und dunkel, die Menschen sitzen eng gedr\u00e4ngt in diesem sp\u00e4rlich erleuchteten Zelt und laden ihre Mobiltelefone am Notstromaggregat, w\u00e4rmen sich etwas auf, tauschen Erfahrungen und Nachrichten aus.\u00bb<\/p>\n<p class=\"MsoPlainText\">&nbsp;<\/p>\n<p class=\"MsoPlainText\">An Weihnachten feierten Christen die Menschwerdung Gottes, und Gott komme \u00abgerade ins Dunkle, Zerbrochene, Ersch\u00f6pfte, Furchtsame\u00bb, schrieb Hofmann. \u00abWeihnachten ist die Lichtspur in der Dunkelheit, gerade da, wo kein Licht mehr angeht, weil der Strom zu teuer oder die Versorgung zerst\u00f6rt ist wie in der Ukraine.\u00bb<\/p>\n<p class=\"MsoPlainText\">&nbsp;<\/p>\n<p class=\"MsoPlainText\">Der rheinische Pr\u00e4ses Thorsten Latzel freut sich nach zwei Jahren Corona-Pandemie wieder auf Begegnungen im Weihnachtsgottesdienst. Es sei \u00abgut und wichtig, dass sich die Menschen endlich wieder unmittelbar begegnen\u00bb, sagte er dem epd. \u00abDie Begegnung von Angesicht zu Angesicht geh\u00f6rt ganz wesentlich zum Menschsein und zum christlichen Glauben dazu.\u00bb<\/p>\n<p>Kirche-Oldenburg<br \/>\n<a href=\"https:\/\/www.kirche-oldenburg.de\/\/aktuell\/news-niedersachsen\/artikel\/bischoefin-weihnachten-ist-die-lichtspur-in-der-dunkelheit\" target=\"_blank\" rel=\"noopener\">Bisch\u00f6fin: \u00abWeihnachten ist die Lichtspur in der Dunkelheit\u00bb<\/a><\/p>\n","protected":false},"excerpt":{"rendered":"<p>Hannover (epd). Die leitenden Geistlichen der evangelischen Kirche haben die Bedeutung des Weihnachtsfests als Fest der Hoffnung betont.&nbsp;\u00abWir feiern Weihnachten, um uns anstecken zu lassen von der Weihnachtshoffnung\u00bb, sagte der ehemalige Ratsvorsitzende der Evangelischen Kirche in Deutschland (EKD), Heinrich Bedford-Strohm, in seiner am Donnerstag in M\u00fcnchen ver\u00f6ffentlichten Weihnachtsbotschaft. Am Samstag feiern Christen in aller Welt die Geburt Jesu vor mehr als 2000 Jahren. &nbsp; Das Jesuskind in der Krippe sei eine Botschaft von Gott, sagte Bedford-Strohm. Jesu Botschaft laute, sich nicht einreden zu lassen, \u00abdass diese Welt im Dunklen endet, dass die M\u00e4chte der Dunkelheit den Sieg davontragen\u00bb. &nbsp; Die&#8230;<\/p>\n","protected":false},"author":7,"featured_media":0,"comment_status":"false","ping_status":"open","sticky":false,"template":"","format":"standard","meta":{"footnotes":""},"categories":[43],"tags":[44],"class_list":["post-22965","post","type-post","status-publish","format-standard","hentry","category-kirche-oldenburg","tag-kirche-oldenburg"],"_links":{"self":[{"href":"https:\/\/christusnews.de\/site\/wp-json\/wp\/v2\/posts\/22965","targetHints":{"allow":["GET"]}}],"collection":[{"href":"https:\/\/christusnews.de\/site\/wp-json\/wp\/v2\/posts"}],"about":[{"href":"https:\/\/christusnews.de\/site\/wp-json\/wp\/v2\/types\/post"}],"author":[{"embeddable":true,"href":"https:\/\/christusnews.de\/site\/wp-json\/wp\/v2\/users\/7"}],"replies":[{"embeddable":true,"href":"https:\/\/christusnews.de\/site\/wp-json\/wp\/v2\/comments?post=22965"}],"version-history":[{"count":1,"href":"https:\/\/christusnews.de\/site\/wp-json\/wp\/v2\/posts\/22965\/revisions"}],"predecessor-version":[{"id":22966,"href":"https:\/\/christusnews.de\/site\/wp-json\/wp\/v2\/posts\/22965\/revisions\/22966"}],"wp:attachment":[{"href":"https:\/\/christusnews.de\/site\/wp-json\/wp\/v2\/media?parent=22965"}],"wp:term":[{"taxonomy":"category","embeddable":true,"href":"https:\/\/christusnews.de\/site\/wp-json\/wp\/v2\/categories?post=22965"},{"taxonomy":"post_tag","embeddable":true,"href":"https:\/\/christusnews.de\/site\/wp-json\/wp\/v2\/tags?post=22965"}],"curies":[{"name":"wp","href":"https:\/\/api.w.org\/{rel}","templated":true}]}}