{"id":22980,"date":"2022-12-24T23:02:00","date_gmt":"2022-12-24T22:02:00","guid":{"rendered":"https:\/\/christusnews.de\/site\/botschaft-der-heiligen-nacht-hat-die-welt-veraendert\/"},"modified":"2022-12-25T10:17:26","modified_gmt":"2022-12-25T09:17:26","slug":"botschaft-der-heiligen-nacht-hat-die-welt-veraendert","status":"publish","type":"post","link":"https:\/\/christusnews.de\/site\/botschaft-der-heiligen-nacht-hat-die-welt-veraendert\/","title":{"rendered":"Botschaft der Heiligen Nacht hat die Welt ver\u00e4ndert"},"content":{"rendered":"<p>Die Botschaft der Heiligen Nacht habe die Welt ver\u00e4ndert, so der Oldenburger Bischof Thomas Adomeit in seiner Weihnachtspredigt. Sie sei eine \u201eBotschaft von Gottes N\u00e4he und seiner Liebe zu uns \u2013 und eine Botschaft der Solidarit\u00e4t unter uns Menschen\u201c. Daher k\u00f6nnten die Menschen hoffnungsvoll in die Zukunft schauen, mit dem Wissen, dass Gott in die Dunkelheiten schon damals gekommen sei und seitdem immer daf\u00fcr gesorgt habe, dass der Funken der Hoffnung angefacht werde. \u201eDenn nur deswegen konnte die Nachricht von Gottes Liebe \u00fcber alle Zeiten und Grenzen bestehen und die Menschen ber\u00fchren und gewinnen\u201c, betonte der Bischof der Ev.-Luth. Kirche in Oldenburg in der Christnacht in der Oldenburger St. Lamberti-Kirche.<\/p>\n<p>Gott komme in der Krippe als kleines Wesen in die Welt zu den Menschen, die am Rand st\u00fcnden, die nicht wahrgenommen w\u00fcrden und deren Schicksal die M\u00e4chtigen der Welt kaum k\u00fcmmere. Ihnen wende sich Gott zu: zuerst den Hirten auf dem Felde dann sp\u00e4ter vor allem den M\u00fchseligen und Beladenen, so Bischof Adomeit in seiner Weihnachtspredigt (zu Lukas 2,1-20). Die Krippe von Bethlehem sei ein Zeichen daf\u00fcr, dass Gott sich einmische in diese Welt.<\/p>\n<p>Das Kind in der Krippe ist laut Adomeit kein Marketingtrick, keine zu Herzen gehende und r\u00fchrende Inga-Lindstr\u00f6m-Serie in Dauerschleife. \u201eHier k\u00fcndet sich Protest, Revolution und Aufstand an. Maria begehrt auf und h\u00e4lt uns Gott ins Bild \u2013 so wie er leibt und lebt. Schwach, ohnm\u00e4chtig und doch so gef\u00e4hrlich, dass Herodes sp\u00e4ter beschlie\u00dft, alle Kinder in Bethlehem zu t\u00f6ten.\u201c&nbsp;<\/p>\n<p>Die Welt habe sich mit Jesus Christus grundlegend ver\u00e4ndert. Eine neue Haltung, eine ver\u00e4nderte Kultur, ein ganz anderes Umgehen mit dem N\u00e4chsten sei in die Welt gekommen und habe seine Auswirkungen \u00fcberall erkennbar werden lassen. \u201eWo einfache Frauen und M\u00e4nner von der Freiheit, von Frieden und W\u00fcrde rufen und aufbegehren, wird es f\u00fcr die M\u00e4chtigen eng.\u201c&nbsp;<\/p>\n<p>Das gelte f\u00fcr die Clique der Mullahs im Iran genauso wie f\u00fcr die bibeltreuen Trumpisten im amerikanischen Bibelbelt, die noch immer davon t\u00f6nten, sie k\u00f6nnten Frauen, Andersdenkenden und Nachdenklichen zeigen, wo es langgehe. Und in Afghanistan k\u00f6nne es auch nicht dabei bleiben, dass Frauen nicht mehr studieren d\u00fcrften, so Adomeit.<\/p>\n<p>In diesem Jahr habe der Ukraine-Krieg sehr viel Leid \u00fcber die Welt gebracht. \u201eWir kommen mit unserem Denken, F\u00fchlen und Handeln nicht hinterher.\u201c Die massiven Folgen des Krieges, die Sorgen um die Energieversorgung und die Inflation verunsicherten zus\u00e4tzlich. Auch die scheinbar nicht endende Corona-Pandemie bestimme weiterhin das Leben der Menschen und trage zur Verunsicherung bei.&nbsp;<\/p>\n<p>An Heiligabend sei es wichtig, \u00fcber die Krippe hinauszuschauen. In ihr habe begonnen, was die Welt ver\u00e4ndert habe. \u201eHoffen und helfen wir, dass Gott vollenden wird, was in der Krippe begonnen hat. In diesem Sinne bedeutet Weihnachten zu feiern, zwischen Verhei\u00dfung und Erf\u00fcllung zu leben.\u201c&nbsp;<\/p>\n<p>Musikalisch gestaltet wurde der Gottesdienst von der Capella St. Lamberti und Kirchenmusikdirektor Tobias G\u00f6tting (Leitung und Orgel).<\/p>\n<p>Im Anhang finden Sie den <a href=\"\/\/file?uid=137962\">vollen Wortlaut der Weihnachtspredigt von Bischof Thomas Adomeit<\/a> im Format PDF.<br \/>\n&nbsp;<\/p>\n<p>Kirche-Oldenburg<br \/>\n<a href=\"https:\/\/www.kirche-oldenburg.de\/\/aktuell\/pressemitteilungen\/artikel\/botschaft-der-heiligen-nacht-hat-die-welt-veraendert\" target=\"_blank\" rel=\"noopener\">Botschaft der Heiligen Nacht hat die Welt ver\u00e4ndert<\/a><\/p>\n","protected":false},"excerpt":{"rendered":"<p>Die Botschaft der Heiligen Nacht habe die Welt ver\u00e4ndert, so der Oldenburger Bischof Thomas Adomeit in seiner Weihnachtspredigt. Sie sei eine \u201eBotschaft von Gottes N\u00e4he und seiner Liebe zu uns \u2013 und eine Botschaft der Solidarit\u00e4t unter uns Menschen\u201c. Daher k\u00f6nnten die Menschen hoffnungsvoll in die Zukunft schauen, mit dem Wissen, dass Gott in die Dunkelheiten schon damals gekommen sei und seitdem immer daf\u00fcr gesorgt habe, dass der Funken der Hoffnung angefacht werde. \u201eDenn nur deswegen konnte die Nachricht von Gottes Liebe \u00fcber alle Zeiten und Grenzen bestehen und die Menschen ber\u00fchren und gewinnen\u201c, betonte der Bischof der Ev.-Luth. Kirche&#8230;<\/p>\n","protected":false},"author":7,"featured_media":0,"comment_status":"false","ping_status":"open","sticky":false,"template":"","format":"standard","meta":{"footnotes":""},"categories":[43],"tags":[44],"class_list":["post-22980","post","type-post","status-publish","format-standard","hentry","category-kirche-oldenburg","tag-kirche-oldenburg"],"_links":{"self":[{"href":"https:\/\/christusnews.de\/site\/wp-json\/wp\/v2\/posts\/22980","targetHints":{"allow":["GET"]}}],"collection":[{"href":"https:\/\/christusnews.de\/site\/wp-json\/wp\/v2\/posts"}],"about":[{"href":"https:\/\/christusnews.de\/site\/wp-json\/wp\/v2\/types\/post"}],"author":[{"embeddable":true,"href":"https:\/\/christusnews.de\/site\/wp-json\/wp\/v2\/users\/7"}],"replies":[{"embeddable":true,"href":"https:\/\/christusnews.de\/site\/wp-json\/wp\/v2\/comments?post=22980"}],"version-history":[{"count":1,"href":"https:\/\/christusnews.de\/site\/wp-json\/wp\/v2\/posts\/22980\/revisions"}],"predecessor-version":[{"id":22981,"href":"https:\/\/christusnews.de\/site\/wp-json\/wp\/v2\/posts\/22980\/revisions\/22981"}],"wp:attachment":[{"href":"https:\/\/christusnews.de\/site\/wp-json\/wp\/v2\/media?parent=22980"}],"wp:term":[{"taxonomy":"category","embeddable":true,"href":"https:\/\/christusnews.de\/site\/wp-json\/wp\/v2\/categories?post=22980"},{"taxonomy":"post_tag","embeddable":true,"href":"https:\/\/christusnews.de\/site\/wp-json\/wp\/v2\/tags?post=22980"}],"curies":[{"name":"wp","href":"https:\/\/api.w.org\/{rel}","templated":true}]}}