{"id":22998,"date":"2022-12-27T17:27:00","date_gmt":"2022-12-27T16:27:00","guid":{"rendered":"https:\/\/christusnews.de\/site\/kita-experte-warnt-vor-reduzierung-der-betreuungszeiten-epd-gespraech-dieter-sell\/"},"modified":"2022-12-28T22:17:34","modified_gmt":"2022-12-28T21:17:34","slug":"kita-experte-warnt-vor-reduzierung-der-betreuungszeiten-epd-gespraech-dieter-sell","status":"publish","type":"post","link":"https:\/\/christusnews.de\/site\/kita-experte-warnt-vor-reduzierung-der-betreuungszeiten-epd-gespraech-dieter-sell\/","title":{"rendered":"Kita-Experte warnt vor Reduzierung der Betreuungszeiten (epd-Gespr\u00e4ch: Dieter Sell)"},"content":{"rendered":"<p>Bremen\/Berlin (epd). Angesichts der teils dramatischen Personalengp\u00e4sse in den Kindertagesst\u00e4tten warnt der Bremer Kita-Experte Carsten Schlepper vor einer Reduzierung der Betreuungszeiten. \u00abDas geht zulasten der Kinder und ihrer Familien\u00bb, sagte der Vorstandsvorsitzende der Bundesvereinigung Evangelischer Tageseinrichtungen f\u00fcr Kinder dem Evangelischen Pressedienst (epd).<br \/>\nAuf die Krise m\u00fcsse auch mit kurzfristig wirkenden Ma\u00dfnahmen reagiert werden, schlug der Verbandschef vor. So sei der Einsatz zus\u00e4tzlicher Assistenzen eine Option, um Fachkr\u00e4fte zu entlasten.<\/p>\n<p>In der Begleitung von Kindern mit F\u00f6rderbedarf durch pers\u00f6nliche Assistenzen ohne p\u00e4dagogische Qualifikation machten Einrichtungen bereits gute Erfahrungen, hob Schlepper hervor. \u00abEine Entlastung durch Hilfskr\u00e4fte nach einer guten Einarbeitung birgt auch die Chance, die Arbeitsbedingungen in den Kitas insgesamt zu verbessern und damit das Berufsfeld attraktiver zu machen\u00bb, betonte der Experte.<\/p>\n<p>Derzeit h\u00e4tten alle Kita-Tr\u00e4ger Probleme, Stellen zu besetzen. Schlepper verwies in diesem Zusammenhang auf das j\u00fcngste L\u00e4ndermonitoring zu fr\u00fchkindlicher Bildung der Bertelsmann-Stiftung. Demnach m\u00fcssten zus\u00e4tzlich zum vorhandenen Personal weitere 93.700 Fachkr\u00e4fte im Westen und 4.900 im Osten eingestellt werden, um die Betreuungsw\u00fcnsche der Eltern zu erf\u00fcllen. Die gr\u00f6\u00dfte H\u00fcrde auf dem Weg zu gen\u00fcgend Pl\u00e4tzen und mehr Qualit\u00e4t in der fr\u00fchkindlichen Bildung bleibt nach Einsch\u00e4tzung der Stiftung \u00abder enorme Fachkr\u00e4ftemangel\u00bb.<\/p>\n<p>Seit Monaten mehren sich Schlepper zufolge die Alarmzeichen in der Kindertagesbetreuung. \u00abSchon im Sommer haben wir feststellen m\u00fcssen, dass das System personell an seine Grenzen st\u00f6\u00dft.\u00bb Knapp die H\u00e4lfte der evangelischen Kitas habe zeitweise ihre Kern-Betreuungszeiten zwischen sechs und acht Stunden k\u00fcrzen m\u00fcssen, bilanzierte er nun nach einer Mitgliederversammlung der Bundesvereinigung.<\/p>\n<p>Der Grund daf\u00fcr seien in der Regel krankheitsbedingte Ausf\u00e4lle, die durch fehlende Personalpuffer nicht ausgeglichen werden k\u00f6nnten. \u00abDer Personalmix zwischen Fachkr\u00e4ften und nicht grundst\u00e4ndig ausgebildeten Assistenzen wird die Zukunft der Kitas sein, sonst k\u00f6nnen wir die Standards f\u00fcr eine gute fr\u00fchkindliche Bildung nicht halten\u00bb, warnte Schlepper. Die Bundesvereinigung Evangelischer Tageseinrichtungen f\u00fcr Kinder ist ein Fachverband der Diakonie in Deutschland.<\/p>\n<p><strong>Internet<\/strong><br \/>\n<a href=\"http:\/\/www.beta-diakonie.de\">www.beta-diakonie.de<\/a>&nbsp;<br \/>\n<a href=\"http:\/\/www.diakonie.de\">www.diakonie.de<\/a>&nbsp;<br \/>\n&nbsp;<\/p>\n<p>Kirche-Oldenburg<br \/>\n<a href=\"https:\/\/www.kirche-oldenburg.de\/\/aktuell\/news-niedersachsen\/artikel\/kita-experte-warnt-vor-reduzierung-der-betreuungszeiten-epd-gespraech-dieter-sell\" target=\"_blank\" rel=\"noopener\">Kita-Experte warnt vor Reduzierung der Betreuungszeiten (epd-Gespr\u00e4ch: Dieter Sell)<\/a><\/p>\n","protected":false},"excerpt":{"rendered":"<p>Bremen\/Berlin (epd). Angesichts der teils dramatischen Personalengp\u00e4sse in den Kindertagesst\u00e4tten warnt der Bremer Kita-Experte Carsten Schlepper vor einer Reduzierung der Betreuungszeiten. \u00abDas geht zulasten der Kinder und ihrer Familien\u00bb, sagte der Vorstandsvorsitzende der Bundesvereinigung Evangelischer Tageseinrichtungen f\u00fcr Kinder dem Evangelischen Pressedienst (epd). Auf die Krise m\u00fcsse auch mit kurzfristig wirkenden Ma\u00dfnahmen reagiert werden, schlug der Verbandschef vor. So sei der Einsatz zus\u00e4tzlicher Assistenzen eine Option, um Fachkr\u00e4fte zu entlasten. In der Begleitung von Kindern mit F\u00f6rderbedarf durch pers\u00f6nliche Assistenzen ohne p\u00e4dagogische Qualifikation machten Einrichtungen bereits gute Erfahrungen, hob Schlepper hervor. \u00abEine Entlastung durch Hilfskr\u00e4fte nach einer guten Einarbeitung birgt auch&#8230;<\/p>\n","protected":false},"author":7,"featured_media":0,"comment_status":"false","ping_status":"open","sticky":false,"template":"","format":"standard","meta":{"footnotes":""},"categories":[43],"tags":[44],"class_list":["post-22998","post","type-post","status-publish","format-standard","hentry","category-kirche-oldenburg","tag-kirche-oldenburg"],"_links":{"self":[{"href":"https:\/\/christusnews.de\/site\/wp-json\/wp\/v2\/posts\/22998","targetHints":{"allow":["GET"]}}],"collection":[{"href":"https:\/\/christusnews.de\/site\/wp-json\/wp\/v2\/posts"}],"about":[{"href":"https:\/\/christusnews.de\/site\/wp-json\/wp\/v2\/types\/post"}],"author":[{"embeddable":true,"href":"https:\/\/christusnews.de\/site\/wp-json\/wp\/v2\/users\/7"}],"replies":[{"embeddable":true,"href":"https:\/\/christusnews.de\/site\/wp-json\/wp\/v2\/comments?post=22998"}],"version-history":[{"count":1,"href":"https:\/\/christusnews.de\/site\/wp-json\/wp\/v2\/posts\/22998\/revisions"}],"predecessor-version":[{"id":22999,"href":"https:\/\/christusnews.de\/site\/wp-json\/wp\/v2\/posts\/22998\/revisions\/22999"}],"wp:attachment":[{"href":"https:\/\/christusnews.de\/site\/wp-json\/wp\/v2\/media?parent=22998"}],"wp:term":[{"taxonomy":"category","embeddable":true,"href":"https:\/\/christusnews.de\/site\/wp-json\/wp\/v2\/categories?post=22998"},{"taxonomy":"post_tag","embeddable":true,"href":"https:\/\/christusnews.de\/site\/wp-json\/wp\/v2\/tags?post=22998"}],"curies":[{"name":"wp","href":"https:\/\/api.w.org\/{rel}","templated":true}]}}