{"id":23000,"date":"2022-12-27T15:25:00","date_gmt":"2022-12-27T14:25:00","guid":{"rendered":"https:\/\/christusnews.de\/site\/100-jahre-evangelische-kita-bundesvereinigung\/"},"modified":"2022-12-28T22:17:35","modified_gmt":"2022-12-28T21:17:35","slug":"100-jahre-evangelische-kita-bundesvereinigung","status":"publish","type":"post","link":"https:\/\/christusnews.de\/site\/100-jahre-evangelische-kita-bundesvereinigung\/","title":{"rendered":"100 Jahre evangelische Kita-Bundesvereinigung"},"content":{"rendered":"<p>Berlin\/Bremen (epd). Die Bundesvereinigung Evangelischer Tageseinrichtungen f\u00fcr Kinder blickt in diesem Jahr auf eine 100-j\u00e4hrige Geschichte zur\u00fcck: Am 25. September 1922 schlossen sich die Tr\u00e4ger evangelischer Kinderg\u00e4rten in Deutschland zum evangelischen Reichsverband f\u00fcr Kindertagespflege e.V. als Vorg\u00e4ngerorganisation zusammen &#8211; damals mit 2.436 H\u00e4usern, 4.062 p\u00e4dagogischen Kr\u00e4ften und 158.214 Kindern.<\/p>\n<p>Die Gr\u00fcndung hatte auch etwas mit dem Reichsjugendwohlfahrtsgesetz zu tun, das im Juli 1922 in Kraft trat. Es schrieb konsequent das Recht von Kindern und Jugendlichen auf F\u00fcrsorge und Unterst\u00fctzung fest. Der Reichsverband wollte sich in diesem Rahmen als Lobby f\u00fcr die familienerg\u00e4nzende Erziehungsarbeit in den evangelischen Kinderg\u00e4rten einsetzen und die evangelische Gemeindearbeit als Teil der freien Jugendarbeit unterst\u00fctzen. Das Ziel damals wie heute: eine Politik f\u00fcr Kinder st\u00e4rken.<\/p>\n<p>Die Bundesvereinigung arbeitet als Nachfolge des Reichsverbandes und ist der Fachverband der Diakonie in Deutschland. Der Zusammenschluss vereint heute bundesweit 9.800 Einrichtungen, in denen eigenen Angaben zufolge mehr als 115.000 Besch\u00e4ftigte f\u00fcr 585.000 Kinder im Alter bis zu zw\u00f6lf Jahren t\u00e4tig sind.<\/p>\n<p>Vorstandsvorsitzender ist derzeit der Leiter des Landesverbandes Evangelischer Kindertageseinrichtungen in Bremen, Carsten Schlepper.<\/p>\n<p><strong>Internet<\/strong><br \/>\nFilm zum 100-Bestehen der Bundesvereinigung Evangelischer Tageseinrichtungen f\u00fcr Kinder: http:\/\/u.epd.de\/2frc <a href=\"http:\/\/www.beta-diakonie.de\">www.beta-diakonie.de<\/a>&nbsp;<\/p>\n<p>Kirche-Oldenburg<br \/>\n<a href=\"https:\/\/www.kirche-oldenburg.de\/\/aktuell\/news-niedersachsen\/artikel\/100-jahre-evangelische-kita-bundesvereinigung\" target=\"_blank\" rel=\"noopener\">100 Jahre evangelische Kita-Bundesvereinigung<\/a><\/p>\n","protected":false},"excerpt":{"rendered":"<p>Berlin\/Bremen (epd). Die Bundesvereinigung Evangelischer Tageseinrichtungen f\u00fcr Kinder blickt in diesem Jahr auf eine 100-j\u00e4hrige Geschichte zur\u00fcck: Am 25. September 1922 schlossen sich die Tr\u00e4ger evangelischer Kinderg\u00e4rten in Deutschland zum evangelischen Reichsverband f\u00fcr Kindertagespflege e.V. als Vorg\u00e4ngerorganisation zusammen &#8211; damals mit 2.436 H\u00e4usern, 4.062 p\u00e4dagogischen Kr\u00e4ften und 158.214 Kindern. Die Gr\u00fcndung hatte auch etwas mit dem Reichsjugendwohlfahrtsgesetz zu tun, das im Juli 1922 in Kraft trat. Es schrieb konsequent das Recht von Kindern und Jugendlichen auf F\u00fcrsorge und Unterst\u00fctzung fest. Der Reichsverband wollte sich in diesem Rahmen als Lobby f\u00fcr die familienerg\u00e4nzende Erziehungsarbeit in den evangelischen Kinderg\u00e4rten einsetzen und die&#8230;<\/p>\n","protected":false},"author":7,"featured_media":0,"comment_status":"false","ping_status":"open","sticky":false,"template":"","format":"standard","meta":{"footnotes":""},"categories":[43],"tags":[44],"class_list":["post-23000","post","type-post","status-publish","format-standard","hentry","category-kirche-oldenburg","tag-kirche-oldenburg"],"_links":{"self":[{"href":"https:\/\/christusnews.de\/site\/wp-json\/wp\/v2\/posts\/23000","targetHints":{"allow":["GET"]}}],"collection":[{"href":"https:\/\/christusnews.de\/site\/wp-json\/wp\/v2\/posts"}],"about":[{"href":"https:\/\/christusnews.de\/site\/wp-json\/wp\/v2\/types\/post"}],"author":[{"embeddable":true,"href":"https:\/\/christusnews.de\/site\/wp-json\/wp\/v2\/users\/7"}],"replies":[{"embeddable":true,"href":"https:\/\/christusnews.de\/site\/wp-json\/wp\/v2\/comments?post=23000"}],"version-history":[{"count":1,"href":"https:\/\/christusnews.de\/site\/wp-json\/wp\/v2\/posts\/23000\/revisions"}],"predecessor-version":[{"id":23001,"href":"https:\/\/christusnews.de\/site\/wp-json\/wp\/v2\/posts\/23000\/revisions\/23001"}],"wp:attachment":[{"href":"https:\/\/christusnews.de\/site\/wp-json\/wp\/v2\/media?parent=23000"}],"wp:term":[{"taxonomy":"category","embeddable":true,"href":"https:\/\/christusnews.de\/site\/wp-json\/wp\/v2\/categories?post=23000"},{"taxonomy":"post_tag","embeddable":true,"href":"https:\/\/christusnews.de\/site\/wp-json\/wp\/v2\/tags?post=23000"}],"curies":[{"name":"wp","href":"https:\/\/api.w.org\/{rel}","templated":true}]}}