{"id":23014,"date":"2022-12-29T15:54:43","date_gmt":"2022-12-29T14:54:43","guid":{"rendered":"https:\/\/christusnews.de\/site\/missionswerk-zunehmender-islamistischer-terror-bedroht-westafrika\/"},"modified":"2022-12-30T10:17:20","modified_gmt":"2022-12-30T09:17:20","slug":"missionswerk-zunehmender-islamistischer-terror-bedroht-westafrika","status":"publish","type":"post","link":"https:\/\/christusnews.de\/site\/missionswerk-zunehmender-islamistischer-terror-bedroht-westafrika\/","title":{"rendered":"Missionswerk: Zunehmender islamistischer Terror bedroht Westafrika\u00a0"},"content":{"rendered":"<p>Bremen (epd). Westafrikanische L\u00e4nder werden nach Informationen der Norddeutschen Mission von zunehmendem islamistischem Terror bedroht. Vertreter aus Ghana, Togo, der Elfenbeink\u00fcste, Benin und Guinea haben sich deshalb k\u00fcrzlich in Accra getroffenen, um \u00fcber eine verst\u00e4rkte Zusammenarbeit im Kampf gegen diesen Terror zu beraten, wie das Missionswerk mit Sitz in Bremen in seinem Dezember-Newsletter mitteilte. Beteiligt seien Vertreter der EU, Gro\u00dfbritanniens und weiterer Staaten der westafrikanischen Wirtschaftsgemeinschaft.<\/p>\n<p>Die L\u00e4nder s\u00e4hen sich zunehmenden Attacken durch Terroristen und Al Kaida ausgesetzt, die mit dem Islamischen Staat (IS) verb\u00fcndet seien, hie\u00df es. Die Angriffe begannen den Angaben zufolge 2012 im Norden Malis und breiteten sich im Laufe der Jahre zun\u00e4chst in Burkina Faso und Niger aus. Jetzt seien auch die K\u00fcstenstaaten betroffen. \u00abVor allem Benin und Togo m\u00fcssen sich zunehmender Angriffe erwehren.\u00bb<\/p>\n<p>Die Situation wird nach Einsch\u00e4tzungen des Missionswerkes auch deshalb bedrohlicher, weil immer mehr L\u00e4nder ihre Friedenstruppen aus Mali zur\u00fcckziehen. Dazu komme, dass auch die Elfenbeink\u00fcste mit den malischen Milit\u00e4rmachthabern in einen Streit \u00fcber inhaftierte ivorische Soldaten verstrickt sei und sich ebenfalls zur\u00fcckziehen werde.<\/p>\n<p>Die Norddeutsche Mission engagiert sich in Westafrika haupts\u00e4chlich entwicklungspolitisch und im theologischen Austausch. In Togo und Ghana f\u00f6rdert sie die Begegnung von Menschen unterschiedlicher Kulturen durch Workcamps und Gottesdienste sowie Austausch- und Freiwilligenprogramme. Zum Missionswerk geh\u00f6ren evangelische Kirchen in Togo und Ghana, die Bremische Evangelische Kirche, die Evangelisch-Lutherische Kirche in Oldenburg, die Evangelisch-reformierte Kirche und die Lippische Landeskirche.<\/p>\n<p><strong>Internet<\/strong><br \/>\nInformationen der Norddeutschen Mission zu den \u00dcbergriffen: <a href=\"http:\/\/u.epd.de\/2fw1\">http:\/\/u.epd.de\/2fw1<\/a>&nbsp;<br \/>\n<a href=\"http:\/\/www.norddeutschemission.de\">www.norddeutschemission.de<\/a>&nbsp;<br \/>\n&nbsp;<\/p>\n<p>Kirche-Oldenburg<br \/>\n<a href=\"https:\/\/www.kirche-oldenburg.de\/\/aktuell\/news-niedersachsen\/artikel\/missionswerk-zunehmender-islamistischer-terror-bedroht-westafrika\" target=\"_blank\" rel=\"noopener\">Missionswerk: Zunehmender islamistischer Terror bedroht Westafrika\u00a0<\/a><\/p>\n","protected":false},"excerpt":{"rendered":"<p>Bremen (epd). Westafrikanische L\u00e4nder werden nach Informationen der Norddeutschen Mission von zunehmendem islamistischem Terror bedroht. Vertreter aus Ghana, Togo, der Elfenbeink\u00fcste, Benin und Guinea haben sich deshalb k\u00fcrzlich in Accra getroffenen, um \u00fcber eine verst\u00e4rkte Zusammenarbeit im Kampf gegen diesen Terror zu beraten, wie das Missionswerk mit Sitz in Bremen in seinem Dezember-Newsletter mitteilte. Beteiligt seien Vertreter der EU, Gro\u00dfbritanniens und weiterer Staaten der westafrikanischen Wirtschaftsgemeinschaft. Die L\u00e4nder s\u00e4hen sich zunehmenden Attacken durch Terroristen und Al Kaida ausgesetzt, die mit dem Islamischen Staat (IS) verb\u00fcndet seien, hie\u00df es. Die Angriffe begannen den Angaben zufolge 2012 im Norden Malis und breiteten&#8230;<\/p>\n","protected":false},"author":7,"featured_media":0,"comment_status":"false","ping_status":"open","sticky":false,"template":"","format":"standard","meta":{"footnotes":""},"categories":[43],"tags":[44],"class_list":["post-23014","post","type-post","status-publish","format-standard","hentry","category-kirche-oldenburg","tag-kirche-oldenburg"],"_links":{"self":[{"href":"https:\/\/christusnews.de\/site\/wp-json\/wp\/v2\/posts\/23014","targetHints":{"allow":["GET"]}}],"collection":[{"href":"https:\/\/christusnews.de\/site\/wp-json\/wp\/v2\/posts"}],"about":[{"href":"https:\/\/christusnews.de\/site\/wp-json\/wp\/v2\/types\/post"}],"author":[{"embeddable":true,"href":"https:\/\/christusnews.de\/site\/wp-json\/wp\/v2\/users\/7"}],"replies":[{"embeddable":true,"href":"https:\/\/christusnews.de\/site\/wp-json\/wp\/v2\/comments?post=23014"}],"version-history":[{"count":1,"href":"https:\/\/christusnews.de\/site\/wp-json\/wp\/v2\/posts\/23014\/revisions"}],"predecessor-version":[{"id":23015,"href":"https:\/\/christusnews.de\/site\/wp-json\/wp\/v2\/posts\/23014\/revisions\/23015"}],"wp:attachment":[{"href":"https:\/\/christusnews.de\/site\/wp-json\/wp\/v2\/media?parent=23014"}],"wp:term":[{"taxonomy":"category","embeddable":true,"href":"https:\/\/christusnews.de\/site\/wp-json\/wp\/v2\/categories?post=23014"},{"taxonomy":"post_tag","embeddable":true,"href":"https:\/\/christusnews.de\/site\/wp-json\/wp\/v2\/tags?post=23014"}],"curies":[{"name":"wp","href":"https:\/\/api.w.org\/{rel}","templated":true}]}}