{"id":23017,"date":"2022-12-27T11:46:59","date_gmt":"2022-12-27T10:46:59","guid":{"rendered":"https:\/\/christusnews.de\/site\/?p=23017"},"modified":"2022-12-30T11:50:00","modified_gmt":"2022-12-30T10:50:00","slug":"menschen-die-ihr-wardt-verloren","status":"publish","type":"post","link":"https:\/\/christusnews.de\/site\/menschen-die-ihr-wardt-verloren\/","title":{"rendered":"Menschen die ihr wardt verloren"},"content":{"rendered":"\n<p>\u201eMenschen, die ihr wardt verloren\u201c so hei\u00dft es am Beginn eines Weihnachtsliedes. Na ja ganz verloren geben m\u00f6chte ich die Menschheit noch nicht. Aber die vielen grausamen Berichte, von denen wir tagt\u00e4glich in den Nachrichten h\u00f6ren und lesen, versetzen mich schon&nbsp;&nbsp;immer wieder in Angst und Schrecken.&nbsp;<\/p>\n\n\n\n<p>Eine Blutspur des Terrors und des Hasses zieht sich durch so viele Regionen und L\u00e4nder.<\/p>\n\n\n\n<p>Menschenverachtung, Tote, Schwerverletze auch rund um Fest der Freude.<\/p>\n\n\n\n<p>Sicher, auch zu der Zeit Jesu gab es Unfrieden, entgegen der Botschaft der Engel auf den Feldern von Bethlehem.&nbsp;<\/p>\n\n\n\n<p>Aber diese Dimension, die wir inzwischen erreicht haben? Ich wei\u00df es nicht.&nbsp;&nbsp;Unruhe und Sorge machen sich breit.&nbsp;<\/p>\n\n\n\n<p>Zur Erinnerung: Grundlage des zur\u00fcckliegenden Festes ist die Geburt Jesu. Und genau dieser hatte den Wunsch nach Frieden und Einheit. Aber das ist ja kaum noch bekannt.&nbsp;<\/p>\n\n\n\n<p>Und dann lese ich einen anderen Liedertext \u201eSingt Gott, der die Waffen streckt und Frieden auf die Erde schreibt\u201c.&nbsp;<\/p>\n\n\n\n<p>Ein Funke Hoffnung denke ich, dass Gott den Glauben an uns Menschen noch nicht verloren hat.<\/p>\n\n\n\n<p><\/p>\n\n\n\n<p><\/p>\n\n\n\n<blockquote class=\"wp-block-quote is-layout-flow wp-block-quote-is-layout-flow\">\n<p><strong>Klaus Eifert<\/strong><br><em>H\u00f6ren Sie diesen Beitrag bei Radio Jade:<\/em><br><a rel=\"noreferrer noopener\" href=\"http:\/\/www.radio-jade.de\/mediathek\/angedacht\/\" target=\"_blank\"><em>Alle Beitr\u00e4ge im \u00dcberblick | RADIO JADE<\/em><\/a><\/p>\n<\/blockquote>\n","protected":false},"excerpt":{"rendered":"<p>\u201eMenschen, die ihr wardt verloren\u201c so hei\u00dft es am Beginn eines Weihnachtsliedes. Na ja ganz verloren geben m\u00f6chte ich die Menschheit noch nicht. Aber die vielen grausamen Berichte, von denen wir tagt\u00e4glich in den Nachrichten h\u00f6ren und lesen, versetzen mich schon&nbsp;&nbsp;immer wieder in Angst und Schrecken.&nbsp; Eine Blutspur des Terrors und des Hasses zieht sich durch so viele Regionen und L\u00e4nder. Menschenverachtung, Tote, Schwerverletze auch rund um Fest der Freude. Sicher, auch zu der Zeit Jesu gab es Unfrieden, entgegen der Botschaft der Engel auf den Feldern von Bethlehem.&nbsp; Aber diese Dimension, die wir inzwischen erreicht haben? Ich wei\u00df es&#8230;<\/p>\n","protected":false},"author":6,"featured_media":1171,"comment_status":"closed","ping_status":"open","sticky":false,"template":"","format":"standard","meta":{"footnotes":""},"categories":[5],"tags":[],"class_list":["post-23017","post","type-post","status-publish","format-standard","has-post-thumbnail","hentry","category-angedacht"],"_links":{"self":[{"href":"https:\/\/christusnews.de\/site\/wp-json\/wp\/v2\/posts\/23017","targetHints":{"allow":["GET"]}}],"collection":[{"href":"https:\/\/christusnews.de\/site\/wp-json\/wp\/v2\/posts"}],"about":[{"href":"https:\/\/christusnews.de\/site\/wp-json\/wp\/v2\/types\/post"}],"author":[{"embeddable":true,"href":"https:\/\/christusnews.de\/site\/wp-json\/wp\/v2\/users\/6"}],"replies":[{"embeddable":true,"href":"https:\/\/christusnews.de\/site\/wp-json\/wp\/v2\/comments?post=23017"}],"version-history":[{"count":1,"href":"https:\/\/christusnews.de\/site\/wp-json\/wp\/v2\/posts\/23017\/revisions"}],"predecessor-version":[{"id":23018,"href":"https:\/\/christusnews.de\/site\/wp-json\/wp\/v2\/posts\/23017\/revisions\/23018"}],"wp:featuredmedia":[{"embeddable":true,"href":"https:\/\/christusnews.de\/site\/wp-json\/wp\/v2\/media\/1171"}],"wp:attachment":[{"href":"https:\/\/christusnews.de\/site\/wp-json\/wp\/v2\/media?parent=23017"}],"wp:term":[{"taxonomy":"category","embeddable":true,"href":"https:\/\/christusnews.de\/site\/wp-json\/wp\/v2\/categories?post=23017"},{"taxonomy":"post_tag","embeddable":true,"href":"https:\/\/christusnews.de\/site\/wp-json\/wp\/v2\/tags?post=23017"}],"curies":[{"name":"wp","href":"https:\/\/api.w.org\/{rel}","templated":true}]}}