{"id":23019,"date":"2022-12-28T11:50:13","date_gmt":"2022-12-28T10:50:13","guid":{"rendered":"https:\/\/christusnews.de\/site\/?p=23019"},"modified":"2022-12-30T11:50:47","modified_gmt":"2022-12-30T10:50:47","slug":"fest-der-unschuldigen-kinder","status":"publish","type":"post","link":"https:\/\/christusnews.de\/site\/fest-der-unschuldigen-kinder\/","title":{"rendered":"Fest der unschuldigen Kinder"},"content":{"rendered":"\n<p>In diesen Tagen feiert die Kirche das Fest der unschuldigen Kinder. Fr\u00fcher habe ich spa\u00dfeshalber immer gesagt, dass ich dann Namenstag h\u00e4tte. Klang ganz gut, fand ich, aber unschuldig war ich wohl nicht.&nbsp;<\/p>\n\n\n\n<p>Habe meinen Eltern schon hier und da Sorgen bereitet, und Flausen, ja, die hatte ich auch im Kopf. Ein richtiger Bub halt.<\/p>\n\n\n\n<p>Die theologische Bedeutung dieses Tages ist f\u00fcr mich jetzt und hier eher zweitrangig. Die Botschaft in der Botschaft, darum geht es.<\/p>\n\n\n\n<p>Gottes Liebe gilt im besonderen den Kindern. Wenn Jesus die Menschen seiner Zeit auffordert, \u201elasst die Kinder zu mir kommen\u201c \u2013 dann ist das sein Plan.<\/p>\n\n\n\n<p>Kinder st\u00e4rken, achtsam sein, ihre Talente entdecken und f\u00f6rdern, ihnen Raum geben und Liebe schenken \u2026<\/p>\n\n\n\n<p>Das mit meiner Idee vom Namenstag war so eine Flausel. Aber das in den Blick nehmen der Kinder ist und bleibt unbeschr\u00e4nkt richtig und wichtig. Ebenso der Schutz des ungeboren Lebens, der an diesem Tag inzwischen eine besondere Bedeutung hat.<\/p>\n\n\n\n<p><\/p>\n\n\n\n<p><\/p>\n\n\n\n<blockquote class=\"wp-block-quote is-layout-flow wp-block-quote-is-layout-flow\">\n<p><strong>Klaus Eifert<\/strong><br><em>H\u00f6ren Sie diesen Beitrag bei Radio Jade:<\/em><br><a rel=\"noreferrer noopener\" href=\"http:\/\/www.radio-jade.de\/mediathek\/angedacht\/\" target=\"_blank\"><em>Alle Beitr\u00e4ge im \u00dcberblick | RADIO JADE<\/em><\/a><\/p>\n<\/blockquote>\n","protected":false},"excerpt":{"rendered":"<p>In diesen Tagen feiert die Kirche das Fest der unschuldigen Kinder. Fr\u00fcher habe ich spa\u00dfeshalber immer gesagt, dass ich dann Namenstag h\u00e4tte. Klang ganz gut, fand ich, aber unschuldig war ich wohl nicht.&nbsp; Habe meinen Eltern schon hier und da Sorgen bereitet, und Flausen, ja, die hatte ich auch im Kopf. Ein richtiger Bub halt. Die theologische Bedeutung dieses Tages ist f\u00fcr mich jetzt und hier eher zweitrangig. Die Botschaft in der Botschaft, darum geht es. Gottes Liebe gilt im besonderen den Kindern. Wenn Jesus die Menschen seiner Zeit auffordert, \u201elasst die Kinder zu mir kommen\u201c \u2013 dann ist das&#8230;<\/p>\n","protected":false},"author":6,"featured_media":1171,"comment_status":"closed","ping_status":"open","sticky":false,"template":"","format":"standard","meta":{"footnotes":""},"categories":[5],"tags":[],"class_list":["post-23019","post","type-post","status-publish","format-standard","has-post-thumbnail","hentry","category-angedacht"],"_links":{"self":[{"href":"https:\/\/christusnews.de\/site\/wp-json\/wp\/v2\/posts\/23019","targetHints":{"allow":["GET"]}}],"collection":[{"href":"https:\/\/christusnews.de\/site\/wp-json\/wp\/v2\/posts"}],"about":[{"href":"https:\/\/christusnews.de\/site\/wp-json\/wp\/v2\/types\/post"}],"author":[{"embeddable":true,"href":"https:\/\/christusnews.de\/site\/wp-json\/wp\/v2\/users\/6"}],"replies":[{"embeddable":true,"href":"https:\/\/christusnews.de\/site\/wp-json\/wp\/v2\/comments?post=23019"}],"version-history":[{"count":1,"href":"https:\/\/christusnews.de\/site\/wp-json\/wp\/v2\/posts\/23019\/revisions"}],"predecessor-version":[{"id":23020,"href":"https:\/\/christusnews.de\/site\/wp-json\/wp\/v2\/posts\/23019\/revisions\/23020"}],"wp:featuredmedia":[{"embeddable":true,"href":"https:\/\/christusnews.de\/site\/wp-json\/wp\/v2\/media\/1171"}],"wp:attachment":[{"href":"https:\/\/christusnews.de\/site\/wp-json\/wp\/v2\/media?parent=23019"}],"wp:term":[{"taxonomy":"category","embeddable":true,"href":"https:\/\/christusnews.de\/site\/wp-json\/wp\/v2\/categories?post=23019"},{"taxonomy":"post_tag","embeddable":true,"href":"https:\/\/christusnews.de\/site\/wp-json\/wp\/v2\/tags?post=23019"}],"curies":[{"name":"wp","href":"https:\/\/api.w.org\/{rel}","templated":true}]}}