{"id":23023,"date":"2022-12-30T11:51:51","date_gmt":"2022-12-30T10:51:51","guid":{"rendered":"https:\/\/christusnews.de\/site\/?p=23023"},"modified":"2022-12-30T11:51:52","modified_gmt":"2022-12-30T10:51:52","slug":"eiskratzen","status":"publish","type":"post","link":"https:\/\/christusnews.de\/site\/eiskratzen\/","title":{"rendered":"Eiskratzen"},"content":{"rendered":"\n<p>Das Auto-Scheiben frei kratzen an den winterlichen Tagen vor dem&nbsp;<\/p>\n\n\n\n<p>4. Advent hatte f\u00fcr mich etwas Meditatives, Zeit zum Nachdenken.&nbsp;<\/p>\n\n\n\n<p>Es war klar,&nbsp;&nbsp;dass muss jetzt sein, bevor ich losfahren kann.&nbsp;<\/p>\n\n\n\n<p>St\u00fcck f\u00fcr St\u00fcck wurde die saubere Fensterscheibe sichtbar.<\/p>\n\n\n\n<p>Auch in meinem Leben muss ich das eine oder andere,<\/p>\n\n\n\n<p>im \u00fcbertragen Sinne erst einmal freikratzen, mir neu deutlich machen.&nbsp;<\/p>\n\n\n\n<p>Vielleicht gibt es verborgene Talente, die ich lange nicht mehr eingesetzt habe, das gibt es sicher auch F\u00e4higkeiten, die ich f\u00fcr mich<\/p>\n\n\n\n<p>oder andere mal wieder aktivieren k\u00f6nnte. Oder ich m\u00fcsste wirklich mal wieder frei Sicht bekommen, weil die Routine meinen Blick eingeengt hat.&nbsp;<\/p>\n\n\n\n<p>Mit oder ohne Eiskratzer in der Hand, Augenblicke des Nachsinnens, eine Zeit, an etwas dran zu bleiben tut uns Menschen gut und er\u00f6ffnet neue Horizonte. Im Sommer wie im Winter.&nbsp;<\/p>\n\n\n\n<p>Wo tut mir und meinem Leben ein Richtungswechsel gut. Die letzten Tage des Jahres laden uns ein, das eine oder andere in den Blick zu nehmen.&nbsp;&nbsp;Freudig. Kritisch. Respektvoll. Je nachdem, was gerade dran ist.<\/p>\n\n\n\n<p><\/p>\n\n\n\n<p><\/p>\n\n\n\n<blockquote class=\"wp-block-quote is-layout-flow wp-block-quote-is-layout-flow\">\n<p><strong>Klaus Eifert<\/strong><br><em>H\u00f6ren Sie diesen Beitrag bei Radio Jade:<\/em><br><a rel=\"noreferrer noopener\" href=\"http:\/\/www.radio-jade.de\/mediathek\/angedacht\/\" target=\"_blank\"><em>Alle Beitr\u00e4ge im \u00dcberblick | RADIO JADE<\/em><\/a><\/p>\n<\/blockquote>\n","protected":false},"excerpt":{"rendered":"<p>Das Auto-Scheiben frei kratzen an den winterlichen Tagen vor dem&nbsp; 4. Advent hatte f\u00fcr mich etwas Meditatives, Zeit zum Nachdenken.&nbsp; Es war klar,&nbsp;&nbsp;dass muss jetzt sein, bevor ich losfahren kann.&nbsp; St\u00fcck f\u00fcr St\u00fcck wurde die saubere Fensterscheibe sichtbar. Auch in meinem Leben muss ich das eine oder andere, im \u00fcbertragen Sinne erst einmal freikratzen, mir neu deutlich machen.&nbsp; Vielleicht gibt es verborgene Talente, die ich lange nicht mehr eingesetzt habe, das gibt es sicher auch F\u00e4higkeiten, die ich f\u00fcr mich oder andere mal wieder aktivieren k\u00f6nnte. Oder ich m\u00fcsste wirklich mal wieder frei Sicht bekommen, weil die Routine meinen Blick&#8230;<\/p>\n","protected":false},"author":6,"featured_media":1171,"comment_status":"closed","ping_status":"open","sticky":false,"template":"","format":"standard","meta":{"footnotes":""},"categories":[5],"tags":[],"class_list":["post-23023","post","type-post","status-publish","format-standard","has-post-thumbnail","hentry","category-angedacht"],"_links":{"self":[{"href":"https:\/\/christusnews.de\/site\/wp-json\/wp\/v2\/posts\/23023","targetHints":{"allow":["GET"]}}],"collection":[{"href":"https:\/\/christusnews.de\/site\/wp-json\/wp\/v2\/posts"}],"about":[{"href":"https:\/\/christusnews.de\/site\/wp-json\/wp\/v2\/types\/post"}],"author":[{"embeddable":true,"href":"https:\/\/christusnews.de\/site\/wp-json\/wp\/v2\/users\/6"}],"replies":[{"embeddable":true,"href":"https:\/\/christusnews.de\/site\/wp-json\/wp\/v2\/comments?post=23023"}],"version-history":[{"count":1,"href":"https:\/\/christusnews.de\/site\/wp-json\/wp\/v2\/posts\/23023\/revisions"}],"predecessor-version":[{"id":23024,"href":"https:\/\/christusnews.de\/site\/wp-json\/wp\/v2\/posts\/23023\/revisions\/23024"}],"wp:featuredmedia":[{"embeddable":true,"href":"https:\/\/christusnews.de\/site\/wp-json\/wp\/v2\/media\/1171"}],"wp:attachment":[{"href":"https:\/\/christusnews.de\/site\/wp-json\/wp\/v2\/media?parent=23023"}],"wp:term":[{"taxonomy":"category","embeddable":true,"href":"https:\/\/christusnews.de\/site\/wp-json\/wp\/v2\/categories?post=23023"},{"taxonomy":"post_tag","embeddable":true,"href":"https:\/\/christusnews.de\/site\/wp-json\/wp\/v2\/tags?post=23023"}],"curies":[{"name":"wp","href":"https:\/\/api.w.org\/{rel}","templated":true}]}}