{"id":23045,"date":"2022-12-31T13:25:56","date_gmt":"2022-12-31T12:25:56","guid":{"rendered":"https:\/\/christusnews.de\/site\/benedikt-xvi-hat-die-katholische-kirche-ueber-jahrzehnte-massgeblich-gepraegt\/"},"modified":"2022-12-31T22:18:06","modified_gmt":"2022-12-31T21:18:06","slug":"benedikt-xvi-hat-die-katholische-kirche-ueber-jahrzehnte-massgeblich-gepraegt","status":"publish","type":"post","link":"https:\/\/christusnews.de\/site\/benedikt-xvi-hat-die-katholische-kirche-ueber-jahrzehnte-massgeblich-gepraegt\/","title":{"rendered":"Benedikt XVI. hat die katholische Kirche \u00fcber Jahrzehnte ma\u00dfgeblich gepr\u00e4gt"},"content":{"rendered":"<p>Der Bischof der Ev.-Luth. Kirche in Oldenburg und Ratsvorsitzender der Konf\u00f6deration evangelischer Kirchen in Niedersachsen, Thomas Adomeit, sagte zum Tode von Papst em. Benedikt XVI.:<br \/>\n&nbsp; &nbsp;<br \/>\n\u201ePapst em. Benedikt XVI. war ein herausragender Theologe, der die katholische Kirche \u00fcber Jahrzehnte ma\u00dfgeblich gepr\u00e4gt hat, als Gelehrter und Autor, als Kardinal, als Vorsitzender der katholischen Glaubenskongregation in Rom, dann als Papst.&nbsp;<br \/>\n&nbsp; &nbsp;<br \/>\nSeine Wahl zum Papst hatte im Jahr 2005 in Deutschland \u00fcber die Konfessionsgrenzen hinweg gro\u00dfe Begeisterung hervorgerufen. Die \u00d6kumene lag Benedikt einerseits sehr am Herzen, aber hier hat er auch durchaus kontroverse Positionen und Sichtweisen zu den evangelischen Kirchen vertreten. Dem Dialog mit den evangelischen Kirchen in Deutschland hatte er sich gestellt, sein Besuch im evangelischen Augustinerkloster in Erfurt 2011, in dem auch Martin Luther als M\u00f6nch gelebt hat, gibt Zeugnis davon.&nbsp;<br \/>\n&nbsp; &nbsp;<br \/>\nBeeindruckend war sein Entschluss, im Jahr 2013 vom Papstamt zur\u00fcckzutreten und so das Papstamt noch einmal neu in der Gegenwart und in der kirchlichen Lehre zu verorten.<br \/>\n&nbsp; &nbsp;<br \/>\nUnser Mitgef\u00fchl und unsere Gebete gelten unseren katholischen Schwestern und Br\u00fcdern, die um Papst em. Benedikt XVI. trauern.\u201c<br \/>\n&nbsp; &nbsp;<br \/>\nBenedikt XVI. war am Samstagvormittag im Alter von 95 Jahren gestorben, wie der Vatikan mitteilte. Er stand von 2005 bis 2013 an der Spitze der katholischen Kirche.<\/p>\n<p>Kirche-Oldenburg<br \/>\n<a href=\"https:\/\/www.kirche-oldenburg.de\/\/aktuell\/pressemitteilungen\/artikel\/benedikt-xvi-hat-die-katholische-kirche-ueber-jahrzehnte-massgeblich-gepraegt\" target=\"_blank\" rel=\"noopener\">Benedikt XVI. hat die katholische Kirche \u00fcber Jahrzehnte ma\u00dfgeblich gepr\u00e4gt<\/a><\/p>\n","protected":false},"excerpt":{"rendered":"<p>Der Bischof der Ev.-Luth. Kirche in Oldenburg und Ratsvorsitzender der Konf\u00f6deration evangelischer Kirchen in Niedersachsen, Thomas Adomeit, sagte zum Tode von Papst em. Benedikt XVI.: &nbsp; &nbsp; \u201ePapst em. Benedikt XVI. war ein herausragender Theologe, der die katholische Kirche \u00fcber Jahrzehnte ma\u00dfgeblich gepr\u00e4gt hat, als Gelehrter und Autor, als Kardinal, als Vorsitzender der katholischen Glaubenskongregation in Rom, dann als Papst.&nbsp; &nbsp; &nbsp; Seine Wahl zum Papst hatte im Jahr 2005 in Deutschland \u00fcber die Konfessionsgrenzen hinweg gro\u00dfe Begeisterung hervorgerufen. Die \u00d6kumene lag Benedikt einerseits sehr am Herzen, aber hier hat er auch durchaus kontroverse Positionen und Sichtweisen zu den evangelischen&#8230;<\/p>\n","protected":false},"author":7,"featured_media":0,"comment_status":"false","ping_status":"open","sticky":false,"template":"","format":"standard","meta":{"footnotes":""},"categories":[43],"tags":[44],"class_list":["post-23045","post","type-post","status-publish","format-standard","hentry","category-kirche-oldenburg","tag-kirche-oldenburg"],"_links":{"self":[{"href":"https:\/\/christusnews.de\/site\/wp-json\/wp\/v2\/posts\/23045","targetHints":{"allow":["GET"]}}],"collection":[{"href":"https:\/\/christusnews.de\/site\/wp-json\/wp\/v2\/posts"}],"about":[{"href":"https:\/\/christusnews.de\/site\/wp-json\/wp\/v2\/types\/post"}],"author":[{"embeddable":true,"href":"https:\/\/christusnews.de\/site\/wp-json\/wp\/v2\/users\/7"}],"replies":[{"embeddable":true,"href":"https:\/\/christusnews.de\/site\/wp-json\/wp\/v2\/comments?post=23045"}],"version-history":[{"count":1,"href":"https:\/\/christusnews.de\/site\/wp-json\/wp\/v2\/posts\/23045\/revisions"}],"predecessor-version":[{"id":23046,"href":"https:\/\/christusnews.de\/site\/wp-json\/wp\/v2\/posts\/23045\/revisions\/23046"}],"wp:attachment":[{"href":"https:\/\/christusnews.de\/site\/wp-json\/wp\/v2\/media?parent=23045"}],"wp:term":[{"taxonomy":"category","embeddable":true,"href":"https:\/\/christusnews.de\/site\/wp-json\/wp\/v2\/categories?post=23045"},{"taxonomy":"post_tag","embeddable":true,"href":"https:\/\/christusnews.de\/site\/wp-json\/wp\/v2\/tags?post=23045"}],"curies":[{"name":"wp","href":"https:\/\/api.w.org\/{rel}","templated":true}]}}