{"id":23049,"date":"2022-12-31T10:24:08","date_gmt":"2022-12-31T09:24:08","guid":{"rendered":"https:\/\/christusnews.de\/site\/bischof-ruft-betreiber-von-atommuelllagern-zu-transparenz-auf\/"},"modified":"2023-01-01T10:17:23","modified_gmt":"2023-01-01T09:17:23","slug":"bischof-ruft-betreiber-von-atommuelllagern-zu-transparenz-auf","status":"publish","type":"post","link":"https:\/\/christusnews.de\/site\/bischof-ruft-betreiber-von-atommuelllagern-zu-transparenz-auf\/","title":{"rendered":"Bischof ruft Betreiber von Atomm\u00fclllagern zu Transparenz auf"},"content":{"rendered":"<p>Wolfenb\u00fcttel (epd). Der braunschweigische Landesbischof Christoph Meyns hat die Betreiber der im Braunschweiger Land gelegenen Atomm\u00fclllager Asse und Schacht Konrad zu anhaltender Transparenz aufgerufen. \u00abDie Politik ist gut beraten, immer wieder neu auch die Sorgen der B\u00fcrger zu h\u00f6ren und ihnen einen Raum zu geben, um sich zu beteiligen\u00bb, sagte der Theologe dem Evangelischen Pressedienst (epd).<br \/>\n&nbsp; &nbsp;<br \/>\nAktuell streiten Betreiber, Kommunen und Umweltsch\u00fctzer vor allem \u00fcber den Standort f\u00fcr ein Zwischenlager unweit des Atomm\u00fclllagers Asse bei Wolfenb\u00fcttel. Kurz vor Weihnachten hatten die Asse-2-Begleitgruppe den als beispielhaft f\u00fcr Transparenz und \u00d6ffentlichkeitsbeteiligung geltenden Begleitprozess beendet und einen in den vergangenen Jahren eingesetzten Vertrauensverlust beklagt.<br \/>\n&nbsp; &nbsp;<br \/>\nDie Begleitgruppe setzt sich aus Vertreterinnen und Vertretern von Kommunalparlamenten und Initiativen aus der Asse-Region zusammen.M\u00f6glicherweise soll nun ein neues Beteiligungsformat entstehen. Kritik gibt es auch an dem im Bau befindlichen Endlager Schacht Konrad in Salzgitter, das nach Ansicht von B\u00fcrgerinitiativen aus heutiger Sicht nicht mehr genehmigungsf\u00e4hig w\u00e4re.<br \/>\n&nbsp; &nbsp;<br \/>\nLeider f\u00fchre kein Weg daran vorbei, dass der Atomm\u00fcll irgendwo gelagert werden m\u00fcsse, r\u00e4umte Meyns ein. \u00abDas Risiko tragen dabei nicht nur die Menschen, die dort wohnen, sondern vor allem die Menschen, die den M\u00fcll transportieren, verladen und einlagern\u00bb, betonte der Bischof. Das werde immer wieder vergessen.<br \/>\n&nbsp; &nbsp;<br \/>\nIn dem fr\u00fcheren Salzbergwerk Asse II lagern rund 126.000 F\u00e4sser mit schwach und mittelradioaktiven Abf\u00e4llen sowie mit Chemiem\u00fcll. Die Grube ist instabil und droht, mit Wasser vollzulaufen. Der Atomm\u00fcll soll deshalb nach M\u00f6glichkeit geborgen werden. Schacht Konrad wird derzeit zum Bundesendlager f\u00fcr schwach und mittelradioaktiven Atomm\u00fcll ausgebaut. Es soll laut Genehmigung bis zu 303.000 Kubikmeter Abf\u00e4lle aufnehmen. Die Inbetriebnahme ist nach mehrmaligen Verz\u00f6gerungen nun f\u00fcr 2027 angek\u00fcndigt.<\/p>\n<p><em>epd<\/em><\/p>\n<p>Kirche-Oldenburg<br \/>\n<a href=\"https:\/\/www.kirche-oldenburg.de\/\/aktuell\/news-niedersachsen\/artikel\/bischof-ruft-betreiber-von-atommuelllagern-zu-transparenz-auf\" target=\"_blank\" rel=\"noopener\">Bischof ruft Betreiber von Atomm\u00fclllagern zu Transparenz auf<\/a><\/p>\n","protected":false},"excerpt":{"rendered":"<p>Wolfenb\u00fcttel (epd). Der braunschweigische Landesbischof Christoph Meyns hat die Betreiber der im Braunschweiger Land gelegenen Atomm\u00fclllager Asse und Schacht Konrad zu anhaltender Transparenz aufgerufen. \u00abDie Politik ist gut beraten, immer wieder neu auch die Sorgen der B\u00fcrger zu h\u00f6ren und ihnen einen Raum zu geben, um sich zu beteiligen\u00bb, sagte der Theologe dem Evangelischen Pressedienst (epd). &nbsp; &nbsp; Aktuell streiten Betreiber, Kommunen und Umweltsch\u00fctzer vor allem \u00fcber den Standort f\u00fcr ein Zwischenlager unweit des Atomm\u00fclllagers Asse bei Wolfenb\u00fcttel. Kurz vor Weihnachten hatten die Asse-2-Begleitgruppe den als beispielhaft f\u00fcr Transparenz und \u00d6ffentlichkeitsbeteiligung geltenden Begleitprozess beendet und einen in den vergangenen Jahren&#8230;<\/p>\n","protected":false},"author":7,"featured_media":0,"comment_status":"false","ping_status":"open","sticky":false,"template":"","format":"standard","meta":{"footnotes":""},"categories":[43],"tags":[44],"class_list":["post-23049","post","type-post","status-publish","format-standard","hentry","category-kirche-oldenburg","tag-kirche-oldenburg"],"_links":{"self":[{"href":"https:\/\/christusnews.de\/site\/wp-json\/wp\/v2\/posts\/23049","targetHints":{"allow":["GET"]}}],"collection":[{"href":"https:\/\/christusnews.de\/site\/wp-json\/wp\/v2\/posts"}],"about":[{"href":"https:\/\/christusnews.de\/site\/wp-json\/wp\/v2\/types\/post"}],"author":[{"embeddable":true,"href":"https:\/\/christusnews.de\/site\/wp-json\/wp\/v2\/users\/7"}],"replies":[{"embeddable":true,"href":"https:\/\/christusnews.de\/site\/wp-json\/wp\/v2\/comments?post=23049"}],"version-history":[{"count":1,"href":"https:\/\/christusnews.de\/site\/wp-json\/wp\/v2\/posts\/23049\/revisions"}],"predecessor-version":[{"id":23050,"href":"https:\/\/christusnews.de\/site\/wp-json\/wp\/v2\/posts\/23049\/revisions\/23050"}],"wp:attachment":[{"href":"https:\/\/christusnews.de\/site\/wp-json\/wp\/v2\/media?parent=23049"}],"wp:term":[{"taxonomy":"category","embeddable":true,"href":"https:\/\/christusnews.de\/site\/wp-json\/wp\/v2\/categories?post=23049"},{"taxonomy":"post_tag","embeddable":true,"href":"https:\/\/christusnews.de\/site\/wp-json\/wp\/v2\/tags?post=23049"}],"curies":[{"name":"wp","href":"https:\/\/api.w.org\/{rel}","templated":true}]}}