{"id":23051,"date":"2022-12-31T10:21:02","date_gmt":"2022-12-31T09:21:02","guid":{"rendered":"https:\/\/christusnews.de\/site\/marburger-bund-chefin-fuer-fortdauernde-corona-massnahmen-bis-februar\/"},"modified":"2023-01-01T10:17:23","modified_gmt":"2023-01-01T09:17:23","slug":"marburger-bund-chefin-fuer-fortdauernde-corona-massnahmen-bis-februar","status":"publish","type":"post","link":"https:\/\/christusnews.de\/site\/marburger-bund-chefin-fuer-fortdauernde-corona-massnahmen-bis-februar\/","title":{"rendered":"Marburger-Bund-Chefin f\u00fcr fortdauernde Corona-Ma\u00dfnahmen bis Februar"},"content":{"rendered":"<p>Osnabr\u00fcck (epd). Marburger-Bund-Chefin Susanne Johna hat vor einer sofortigen Aufhebung aller Corona-Ma\u00dfnahmen gewarnt. \u00abEs braucht weiter eine Maskenpflicht in \u00d6PNV und in Fernz\u00fcgen sowie die Isolationspflicht nach einem positiven Corona-Test\u00bb, sagte die Vorsitzende der \u00c4rzteorganisation der \u00abNeuen Osnabr\u00fccker Zeitung\u00bb (Samstag). \u00abEin sofortiges Ende der Eind\u00e4mmung w\u00e4re das v\u00f6llig falsche Signal an die Bev\u00f6lkerung, denn die Pandemie ist noch nicht vorbei!\u00bb<br \/>\n&nbsp; &nbsp;<br \/>\nJohna verwies auch auf die extreme Belastung des Gesundheitssystems, unter anderem durch die starke Grippewelle und weitere Atemwegserkrankungen. \u00abDie Masken sind ertr\u00e4glich und helfen\u00bb, betonte sie. Masken und Selbstisolation bei Infektion seien auch sinnvoll, um andere Atemwegserkrankungen zu bremsen.<br \/>\n&nbsp; &nbsp;<br \/>\nZugleich zeigte Johna Verst\u00e4ndnis f\u00fcr das unterschiedliche Vorgehen der Bundesl\u00e4nder. \u00abEs ist nachvollziehbar, dass in L\u00e4ndern mit geringem Infektionsgeschehen die Masken- und Isolationspflicht gelockert wird, es gibt aber nach wie vor L\u00e4nder wie Niedersachsen mit sehr vielen F\u00e4llen\u00bb, sagte die Verbandsvorsitzende und machte zugleich Hoffnung: \u00abIm Februar ist wom\u00f6glich der Zeitpunkt gekommen, wo wir \u00fcber eine bundesweite Aufhebung der Ma\u00dfnahmen sprechen k\u00f6nnen, etwa wenn die Grippewelle abgeebbt ist.\u00bb Wenn es Entspannung im Gesundheitssystem gebe, m\u00fcsse nicht unbedingt bis April daran festgehalten werden. \u00abIm Moment kommt die Diskussion aber zur Unzeit.\u00bb<br \/>\n&nbsp; &nbsp;<br \/>\nAngesichts der eskalierenden Corona-Lage in China pl\u00e4dierte Johna f\u00fcr eine Testpflicht f\u00fcr Einreisende aus dem Land. \u00abEine Testpflicht f\u00fcr Einreisende aus China w\u00e4re angebracht\u00bb, sagte sie. &#8220;So k\u00f6nnten wir rasch m\u00f6glicherweise Mutationen identifizieren, die gef\u00e4hrlicher sind als der vorherrschende Omikron-Typ.<\/p>\n<p><em>epd<\/em>&nbsp;<\/p>\n<p>Kirche-Oldenburg<br \/>\n<a href=\"https:\/\/www.kirche-oldenburg.de\/\/aktuell\/news-niedersachsen\/artikel\/marburger-bund-chefin-fuer-fortdauernde-corona-massnahmen-bis-februar\" target=\"_blank\" rel=\"noopener\">Marburger-Bund-Chefin f\u00fcr fortdauernde Corona-Ma\u00dfnahmen bis Februar<\/a><\/p>\n","protected":false},"excerpt":{"rendered":"<p>Osnabr\u00fcck (epd). Marburger-Bund-Chefin Susanne Johna hat vor einer sofortigen Aufhebung aller Corona-Ma\u00dfnahmen gewarnt. \u00abEs braucht weiter eine Maskenpflicht in \u00d6PNV und in Fernz\u00fcgen sowie die Isolationspflicht nach einem positiven Corona-Test\u00bb, sagte die Vorsitzende der \u00c4rzteorganisation der \u00abNeuen Osnabr\u00fccker Zeitung\u00bb (Samstag). \u00abEin sofortiges Ende der Eind\u00e4mmung w\u00e4re das v\u00f6llig falsche Signal an die Bev\u00f6lkerung, denn die Pandemie ist noch nicht vorbei!\u00bb &nbsp; &nbsp; Johna verwies auch auf die extreme Belastung des Gesundheitssystems, unter anderem durch die starke Grippewelle und weitere Atemwegserkrankungen. \u00abDie Masken sind ertr\u00e4glich und helfen\u00bb, betonte sie. Masken und Selbstisolation bei Infektion seien auch sinnvoll, um andere Atemwegserkrankungen zu&#8230;<\/p>\n","protected":false},"author":7,"featured_media":0,"comment_status":"false","ping_status":"open","sticky":false,"template":"","format":"standard","meta":{"footnotes":""},"categories":[43],"tags":[44],"class_list":["post-23051","post","type-post","status-publish","format-standard","hentry","category-kirche-oldenburg","tag-kirche-oldenburg"],"_links":{"self":[{"href":"https:\/\/christusnews.de\/site\/wp-json\/wp\/v2\/posts\/23051","targetHints":{"allow":["GET"]}}],"collection":[{"href":"https:\/\/christusnews.de\/site\/wp-json\/wp\/v2\/posts"}],"about":[{"href":"https:\/\/christusnews.de\/site\/wp-json\/wp\/v2\/types\/post"}],"author":[{"embeddable":true,"href":"https:\/\/christusnews.de\/site\/wp-json\/wp\/v2\/users\/7"}],"replies":[{"embeddable":true,"href":"https:\/\/christusnews.de\/site\/wp-json\/wp\/v2\/comments?post=23051"}],"version-history":[{"count":1,"href":"https:\/\/christusnews.de\/site\/wp-json\/wp\/v2\/posts\/23051\/revisions"}],"predecessor-version":[{"id":23052,"href":"https:\/\/christusnews.de\/site\/wp-json\/wp\/v2\/posts\/23051\/revisions\/23052"}],"wp:attachment":[{"href":"https:\/\/christusnews.de\/site\/wp-json\/wp\/v2\/media?parent=23051"}],"wp:term":[{"taxonomy":"category","embeddable":true,"href":"https:\/\/christusnews.de\/site\/wp-json\/wp\/v2\/categories?post=23051"},{"taxonomy":"post_tag","embeddable":true,"href":"https:\/\/christusnews.de\/site\/wp-json\/wp\/v2\/tags?post=23051"}],"curies":[{"name":"wp","href":"https:\/\/api.w.org\/{rel}","templated":true}]}}