{"id":23057,"date":"2023-01-01T15:50:58","date_gmt":"2023-01-01T14:50:58","guid":{"rendered":"https:\/\/christusnews.de\/site\/bischoefe-in-niedersachsen-wuerdigen-verstorbenen-papst-benedikt-xvi\/"},"modified":"2023-01-02T10:17:33","modified_gmt":"2023-01-02T09:17:33","slug":"bischoefe-in-niedersachsen-wuerdigen-verstorbenen-papst-benedikt-xvi","status":"publish","type":"post","link":"https:\/\/christusnews.de\/site\/bischoefe-in-niedersachsen-wuerdigen-verstorbenen-papst-benedikt-xvi\/","title":{"rendered":"Bisch\u00f6fe in Niedersachsen w\u00fcrdigen verstorbenen Papst Benedikt XVI."},"content":{"rendered":"<p>Seit Mittwoch lie\u00dfen Nachrichten aus dem Vatikan das baldige Lebensende des fr\u00fcheren Papstes erwarten: Am Silvestermorgen ist Benedikt XVI. nun im Alter von 95 Jahren gestorben. Bisch\u00f6fe aus Niedersachsen w\u00fcrdigten den Theologen.<br \/>\n&nbsp; &nbsp;<br \/>\nHannover (epd). Katholische und evangelische Bisch\u00f6fe in Niedersachsen haben mit Betroffenheit auf den Tod von Papst Benedikt XVI. reagiert. Der Hildesheimer Bischof Heiner Wilmer sagte am Samstag, mit Benedikt verliere \u00abdie katholische Kirche in Deutschland und in der ganzen Welt einen hervorragenden Repr\u00e4sentanten mit enormer Geisteskraft\u00bb. Auch das wissenschaftliche Werk des Verstorbenen sei mehr als beeindruckend, betonte Wilmer. Mit Joseph Ratzinger sei \u00abeiner der bedeutendsten katholischen Theologen des 20. und fr\u00fchen 21. Jahrhunderts von uns gegangen\u00bb.<br \/>\n&nbsp; &nbsp;<br \/>\nDer Osnabr\u00fccker Bischof Franz-Josef Bode sagte, das Bistum Osnabr\u00fcck trauere um einen Menschen, der \u00abTheologie und Spiritualit\u00e4t eng verband\u00bb. Benedikts Interesse habe der Vertiefung des Glaubens und der Feier der Liturgie gegolten. \u00abSeine Sorge galt besonders der Einheit der Kirche in ihrer gro\u00dfen Vielfalt.\u00bb Bode pers\u00f6nlich sei Benedikt sehr verbunden, durch sein Studium bei ihm als Professor in Regensburg.<br \/>\n&nbsp; &nbsp;<br \/>\nF\u00fcr die evangelischen Kirchen sagte der Ratsvorsitzende der Konf\u00f6deration evangelischer Kirchen in Niedersachsen, der oldenburgische Bischof Thomas Adomeit, Benedikt habe die katholische Kirche \u00fcber Jahrzehnte ma\u00dfgeblich gepr\u00e4gt. \u00abUnser Mitgef\u00fchl und unsere Gebete gelten unseren katholischen Schwestern und Br\u00fcdern, die um Papst em. Benedikt XVI. trauern.\u00bb<br \/>\n&nbsp; &nbsp;<br \/>\nDie Papstwahl im Jahr 2005 habe in Deutschland \u00fcber die Konfessionsgrenzen hinweg gro\u00dfe Begeisterung hervorgerufen, hob Adomeit hervor. \u00abDie \u00d6kumene lag Benedikt sehr am Herzen, auch wenn er hier durchaus kontroverse Positionen und Sichtweisen zu den evangelischen Kirchen vertreten hat.\u00bb<br \/>\n&nbsp; &nbsp;<br \/>\nDer hannoversche Landesbischof Ralf Meister w\u00fcrdigte als Leitender Bischof der Vereinigten Evangelisch-Lutherische Kirche in Deutschland (VELKD) Benedikt als einen \u00abtiefgr\u00fcndigen Denker und Theologen, als einen frommen Menschen, dessen ganzes Bestreben es war, in der Nachfolge Jesu zu leben.\u00bb \u00c4hnlich wie Adomeit betonte Meister, Benedikt sei als Pr\u00e4fekt der Glaubenskongregation und damit H\u00fcter der r\u00f6misch-katholischen Lehre kein einfacher Gespr\u00e4chspartner gewesen. Er habe die evangelischen Kirchen mit seinen Positionen herausgefordert.<br \/>\n&nbsp; &nbsp;<br \/>\nGro\u00dfen Respekt zollten Meister und Adomeit in ihren W\u00fcrdigungen der Entscheidung Benedikts, 2013 aus gesundheitlichen Gr\u00fcnden zur\u00fcckzutreten. Dies sei ein Schritt gewesen, mit dem er auch das Papstamt in seiner Menschlichkeit sichtbar gemacht habe, sagte Meister.<br \/>\n&nbsp; &nbsp;<br \/>\nBenedikt XVI. war am Samstagvormittag gestorben, wie der Vatikan mitteilte. Benedikt, der mit b\u00fcrgerlichem Namen Joseph Ratzinger hie\u00df, wurde 95 Jahre alt. Er stand von 2005 bis 2013 an der Spitze der katholischen Kirche. Nach acht Jahren als Pontifex verzichtete Benedikt XVI. 2013 \u00fcberraschend auf das Papstamt und lebte fortan zur\u00fcckgezogen im Vatikan.<\/p>\n<p><em>epd<\/em><\/p>\n<p>Kirche-Oldenburg<br \/>\n<a href=\"https:\/\/www.kirche-oldenburg.de\/\/aktuell\/news-niedersachsen\/artikel\/bischoefe-in-niedersachsen-wuerdigen-verstorbenen-papst-benedikt-xvi\" target=\"_blank\" rel=\"noopener\">Bisch\u00f6fe in Niedersachsen w\u00fcrdigen verstorbenen Papst Benedikt XVI.<\/a><\/p>\n","protected":false},"excerpt":{"rendered":"<p>Seit Mittwoch lie\u00dfen Nachrichten aus dem Vatikan das baldige Lebensende des fr\u00fcheren Papstes erwarten: Am Silvestermorgen ist Benedikt XVI. nun im Alter von 95 Jahren gestorben. Bisch\u00f6fe aus Niedersachsen w\u00fcrdigten den Theologen. &nbsp; &nbsp; Hannover (epd). Katholische und evangelische Bisch\u00f6fe in Niedersachsen haben mit Betroffenheit auf den Tod von Papst Benedikt XVI. reagiert. Der Hildesheimer Bischof Heiner Wilmer sagte am Samstag, mit Benedikt verliere \u00abdie katholische Kirche in Deutschland und in der ganzen Welt einen hervorragenden Repr\u00e4sentanten mit enormer Geisteskraft\u00bb. Auch das wissenschaftliche Werk des Verstorbenen sei mehr als beeindruckend, betonte Wilmer. Mit Joseph Ratzinger sei \u00abeiner der bedeutendsten katholischen&#8230;<\/p>\n","protected":false},"author":7,"featured_media":0,"comment_status":"false","ping_status":"open","sticky":false,"template":"","format":"standard","meta":{"footnotes":""},"categories":[43],"tags":[44],"class_list":["post-23057","post","type-post","status-publish","format-standard","hentry","category-kirche-oldenburg","tag-kirche-oldenburg"],"_links":{"self":[{"href":"https:\/\/christusnews.de\/site\/wp-json\/wp\/v2\/posts\/23057","targetHints":{"allow":["GET"]}}],"collection":[{"href":"https:\/\/christusnews.de\/site\/wp-json\/wp\/v2\/posts"}],"about":[{"href":"https:\/\/christusnews.de\/site\/wp-json\/wp\/v2\/types\/post"}],"author":[{"embeddable":true,"href":"https:\/\/christusnews.de\/site\/wp-json\/wp\/v2\/users\/7"}],"replies":[{"embeddable":true,"href":"https:\/\/christusnews.de\/site\/wp-json\/wp\/v2\/comments?post=23057"}],"version-history":[{"count":1,"href":"https:\/\/christusnews.de\/site\/wp-json\/wp\/v2\/posts\/23057\/revisions"}],"predecessor-version":[{"id":23058,"href":"https:\/\/christusnews.de\/site\/wp-json\/wp\/v2\/posts\/23057\/revisions\/23058"}],"wp:attachment":[{"href":"https:\/\/christusnews.de\/site\/wp-json\/wp\/v2\/media?parent=23057"}],"wp:term":[{"taxonomy":"category","embeddable":true,"href":"https:\/\/christusnews.de\/site\/wp-json\/wp\/v2\/categories?post=23057"},{"taxonomy":"post_tag","embeddable":true,"href":"https:\/\/christusnews.de\/site\/wp-json\/wp\/v2\/tags?post=23057"}],"curies":[{"name":"wp","href":"https:\/\/api.w.org\/{rel}","templated":true}]}}