{"id":23061,"date":"2023-01-02T09:48:00","date_gmt":"2023-01-02T08:48:00","guid":{"rendered":"https:\/\/christusnews.de\/site\/evangelische-fastenaktion-7-wochen-ohne-will-mut-machen\/"},"modified":"2023-01-03T10:17:41","modified_gmt":"2023-01-03T09:17:41","slug":"evangelische-fastenaktion-7-wochen-ohne-will-mut-machen","status":"publish","type":"post","link":"https:\/\/christusnews.de\/site\/evangelische-fastenaktion-7-wochen-ohne-will-mut-machen\/","title":{"rendered":"Evangelische Fastenaktion \u00ab7 Wochen Ohne\u00bb will Mut machen"},"content":{"rendered":"<p class=\"MsoPlainText\">Oldenburg (epd). Mit ihrer diesj\u00e4hrigen bundesweiten Fastenaktion \u00ab7 Wochen Ohne\u00bb will die evangelische Kirche Mut in Krisenzeiten machen.&nbsp;Das Motto laute \u00abLeuchten! Sieben Wochen ohne Verzagtheit\u00bb, schreibt der hannoversche Landesbischof Ralf Meister als Botschafter in einem Gru\u00dfwort zu der Aktion, die vom 22. Februar bis zum 10. April geplant ist. Offiziell er\u00f6ffnet wird sie den Angaben zufolge am 26. Februar mit einem ZDF-Fensehgottesdienst aus der St.-Ansgar-Kirche in Oldenburg.<\/p>\n<p class=\"MsoPlainText\">&nbsp;<\/p>\n<p class=\"MsoPlainText\">\u00abIn dunklen Zeiten braucht es Licht, um den Mut nicht zu verlieren\u00bb, blickte Meister voraus. Die Aktion lade dazu ein, von Aschermittwoch bis Ostern genau hinzuschauen, so etwa auf \u00c4ngste, \u00abund auf das, was uns tr\u00e4gt und Kraft gibt\u00bb. In den sieben Fastenwochen gehe es nicht allein um innere Erleuchtung, sondern auch um die Ausstrahlung auf andere. Die Fastenzeit sei kein Verzicht um des Verzichts willen: \u00abSie f\u00fchrt uns Tag f\u00fcr Tag zu neuen Erfahrungen.\u00bb<\/p>\n<p class=\"MsoPlainText\">&nbsp;<\/p>\n<p class=\"MsoPlainText\">Sieben Wochenthemen begleiten die Aktion. Sie lauten \u00abLicht an!\u00bb, \u00abMeine \u00c4ngste\u00bb, \u00abWas mich tr\u00e4gt\u00bb, \u00abUnd wie ich strahle!\u00bb, \u00abWir gehen gemeinsam\u00bb, \u00abDurch die Nacht\u00bb und zum Abschluss \u00abIn den Morgen\u00bb. Teilnehmende k\u00f6nnen sich zu Fastengruppen zusammenschlie\u00dfen oder auch f\u00fcr sich alleine den Fastenkalender nutzen, das zentrale Element der Aktion.<\/p>\n<p class=\"MsoPlainText\">&nbsp;<\/p>\n<p class=\"MsoPlainText\">Die Fastenaktion wurde 1983 gegr\u00fcndet. Koordiniert wird sie von einem Projektb\u00fcro im Gemeinschaftswerk der Evangelischen Publizistik in Frankfurt am Main.<\/p>\n<p>Kirche-Oldenburg<br \/>\n<a href=\"https:\/\/www.kirche-oldenburg.de\/\/aktuell\/news-niedersachsen\/artikel\/evangelische-fastenaktion-7-wochen-ohne-will-mut-machen\" target=\"_blank\" rel=\"noopener\">Evangelische Fastenaktion \u00ab7 Wochen Ohne\u00bb will Mut machen<\/a><\/p>\n","protected":false},"excerpt":{"rendered":"<p>Oldenburg (epd). Mit ihrer diesj\u00e4hrigen bundesweiten Fastenaktion \u00ab7 Wochen Ohne\u00bb will die evangelische Kirche Mut in Krisenzeiten machen.&nbsp;Das Motto laute \u00abLeuchten! Sieben Wochen ohne Verzagtheit\u00bb, schreibt der hannoversche Landesbischof Ralf Meister als Botschafter in einem Gru\u00dfwort zu der Aktion, die vom 22. Februar bis zum 10. April geplant ist. Offiziell er\u00f6ffnet wird sie den Angaben zufolge am 26. Februar mit einem ZDF-Fensehgottesdienst aus der St.-Ansgar-Kirche in Oldenburg. &nbsp; \u00abIn dunklen Zeiten braucht es Licht, um den Mut nicht zu verlieren\u00bb, blickte Meister voraus. Die Aktion lade dazu ein, von Aschermittwoch bis Ostern genau hinzuschauen, so etwa auf \u00c4ngste, \u00abund auf&#8230;<\/p>\n","protected":false},"author":7,"featured_media":0,"comment_status":"false","ping_status":"open","sticky":false,"template":"","format":"standard","meta":{"footnotes":""},"categories":[43],"tags":[44],"class_list":["post-23061","post","type-post","status-publish","format-standard","hentry","category-kirche-oldenburg","tag-kirche-oldenburg"],"_links":{"self":[{"href":"https:\/\/christusnews.de\/site\/wp-json\/wp\/v2\/posts\/23061","targetHints":{"allow":["GET"]}}],"collection":[{"href":"https:\/\/christusnews.de\/site\/wp-json\/wp\/v2\/posts"}],"about":[{"href":"https:\/\/christusnews.de\/site\/wp-json\/wp\/v2\/types\/post"}],"author":[{"embeddable":true,"href":"https:\/\/christusnews.de\/site\/wp-json\/wp\/v2\/users\/7"}],"replies":[{"embeddable":true,"href":"https:\/\/christusnews.de\/site\/wp-json\/wp\/v2\/comments?post=23061"}],"version-history":[{"count":1,"href":"https:\/\/christusnews.de\/site\/wp-json\/wp\/v2\/posts\/23061\/revisions"}],"predecessor-version":[{"id":23062,"href":"https:\/\/christusnews.de\/site\/wp-json\/wp\/v2\/posts\/23061\/revisions\/23062"}],"wp:attachment":[{"href":"https:\/\/christusnews.de\/site\/wp-json\/wp\/v2\/media?parent=23061"}],"wp:term":[{"taxonomy":"category","embeddable":true,"href":"https:\/\/christusnews.de\/site\/wp-json\/wp\/v2\/categories?post=23061"},{"taxonomy":"post_tag","embeddable":true,"href":"https:\/\/christusnews.de\/site\/wp-json\/wp\/v2\/tags?post=23061"}],"curies":[{"name":"wp","href":"https:\/\/api.w.org\/{rel}","templated":true}]}}