{"id":23066,"date":"2023-01-04T08:40:00","date_gmt":"2023-01-04T07:40:00","guid":{"rendered":"https:\/\/christusnews.de\/site\/fluechtlingsrat-land-setzt-schutzkonzept-in-unterkuenften-nicht-um\/"},"modified":"2023-01-05T10:18:18","modified_gmt":"2023-01-05T09:18:18","slug":"fluechtlingsrat-land-setzt-schutzkonzept-in-unterkuenften-nicht-um","status":"publish","type":"post","link":"https:\/\/christusnews.de\/site\/fluechtlingsrat-land-setzt-schutzkonzept-in-unterkuenften-nicht-um\/","title":{"rendered":"Fl\u00fcchtlingsrat: Land setzt Schutzkonzept in Unterk\u00fcnften nicht um"},"content":{"rendered":"<p>Hannover (epd). Der nieders\u00e4chsische Fl\u00fcchtlingsrat fordert von der Landespolitik eine umsichtigere Strategie und eine bessere Betreuung f\u00fcr die wachsende Zahl an Gefl\u00fcchteten. \u00abIch sehe beim Land keinen nachhaltigen Plan, was die Qualit\u00e4t der Unterbringung angeht\u00bb, sagte Fl\u00fcchtlingsrat-Sprecher Muzaffer \u00d6zt\u00fcrkyilmaz am Donnerstag dem Evangelischen Pressedienst (epd). Er bem\u00e4ngelte vor allem, dass in der bis zu 2000 Personen fassenden Erstaufnahme auf dem hannoverschen Messegel\u00e4nde kein Gewaltschutzkonzept umgesetzt werde.<\/p>\n<p>\nDas Land habe sich zur getrennten Unterbringung von Frauen und M\u00e4nnern und von Familien mit Kindern verpflichtet. Dies geschehe aber nicht, weil bislang mit einer Verweildauer von wenigen Tagen in Sammelunterk\u00fcnften kalkuliert werde, kritisierte \u00d6zt\u00fcrkyilmaz. Das sei aber l\u00e4ngst nicht mehr der Fall. Deshalb seien andere Unterbringungsformen geboten: \u00abDie Leute bleiben inzwischen wochenlang. In Hotels oder Ferienwohnungen k\u00f6nnten wirksame Schutzkonzepte deutlich besser umgesetzt werden.\u00bb<\/p>\n<p>\nZudem forderte \u00d6zt\u00fcrkyilmaz eine Aufstockung der Sozialarbeiter-Stellen in den Einrichtungen. Gespr\u00e4che mit Gefl\u00fcchteten h\u00e4tten ergeben, dass diese erst sp\u00e4t nach ihrer Ankunft untersucht werden. So k\u00f6nne der Bedarf an medizinischer und psychologischer Hilfe nur unzureichend ermittelt und etwa auf Traumata kaum reagiert werden. \u00abUm diejenigen zu erkennen, die besondere Unterst\u00fctzung brauchen, ist Fachpersonal n\u00f6tig. Sonst gehen besonders schutzbed\u00fcrftige Asylsuchende, von denen aktuell viele kommen, einfach unter\u00bb, betonte \u00d6zt\u00fcrkyilmaz.<\/p>\n<p>Kirche-Oldenburg<br \/>\n<a href=\"https:\/\/www.kirche-oldenburg.de\/\/aktuell\/news-niedersachsen\/artikel\/fluechtlingsrat-land-setzt-schutzkonzept-in-unterkuenften-nicht-um\" target=\"_blank\" rel=\"noopener\">Fl\u00fcchtlingsrat: Land setzt Schutzkonzept in Unterk\u00fcnften nicht um<\/a><\/p>\n","protected":false},"excerpt":{"rendered":"<p>Hannover (epd). Der nieders\u00e4chsische Fl\u00fcchtlingsrat fordert von der Landespolitik eine umsichtigere Strategie und eine bessere Betreuung f\u00fcr die wachsende Zahl an Gefl\u00fcchteten. \u00abIch sehe beim Land keinen nachhaltigen Plan, was die Qualit\u00e4t der Unterbringung angeht\u00bb, sagte Fl\u00fcchtlingsrat-Sprecher Muzaffer \u00d6zt\u00fcrkyilmaz am Donnerstag dem Evangelischen Pressedienst (epd). Er bem\u00e4ngelte vor allem, dass in der bis zu 2000 Personen fassenden Erstaufnahme auf dem hannoverschen Messegel\u00e4nde kein Gewaltschutzkonzept umgesetzt werde. Das Land habe sich zur getrennten Unterbringung von Frauen und M\u00e4nnern und von Familien mit Kindern verpflichtet. Dies geschehe aber nicht, weil bislang mit einer Verweildauer von wenigen Tagen in Sammelunterk\u00fcnften kalkuliert werde, kritisierte&#8230;<\/p>\n","protected":false},"author":7,"featured_media":0,"comment_status":"false","ping_status":"open","sticky":false,"template":"","format":"standard","meta":{"footnotes":""},"categories":[43],"tags":[44],"class_list":["post-23066","post","type-post","status-publish","format-standard","hentry","category-kirche-oldenburg","tag-kirche-oldenburg"],"_links":{"self":[{"href":"https:\/\/christusnews.de\/site\/wp-json\/wp\/v2\/posts\/23066","targetHints":{"allow":["GET"]}}],"collection":[{"href":"https:\/\/christusnews.de\/site\/wp-json\/wp\/v2\/posts"}],"about":[{"href":"https:\/\/christusnews.de\/site\/wp-json\/wp\/v2\/types\/post"}],"author":[{"embeddable":true,"href":"https:\/\/christusnews.de\/site\/wp-json\/wp\/v2\/users\/7"}],"replies":[{"embeddable":true,"href":"https:\/\/christusnews.de\/site\/wp-json\/wp\/v2\/comments?post=23066"}],"version-history":[{"count":1,"href":"https:\/\/christusnews.de\/site\/wp-json\/wp\/v2\/posts\/23066\/revisions"}],"predecessor-version":[{"id":23067,"href":"https:\/\/christusnews.de\/site\/wp-json\/wp\/v2\/posts\/23066\/revisions\/23067"}],"wp:attachment":[{"href":"https:\/\/christusnews.de\/site\/wp-json\/wp\/v2\/media?parent=23066"}],"wp:term":[{"taxonomy":"category","embeddable":true,"href":"https:\/\/christusnews.de\/site\/wp-json\/wp\/v2\/categories?post=23066"},{"taxonomy":"post_tag","embeddable":true,"href":"https:\/\/christusnews.de\/site\/wp-json\/wp\/v2\/tags?post=23066"}],"curies":[{"name":"wp","href":"https:\/\/api.w.org\/{rel}","templated":true}]}}