{"id":23078,"date":"2023-01-11T09:00:00","date_gmt":"2023-01-11T08:00:00","guid":{"rendered":"https:\/\/christusnews.de\/site\/?p=23078"},"modified":"2023-01-08T13:33:37","modified_gmt":"2023-01-08T12:33:37","slug":"freudezaehler","status":"publish","type":"post","link":"https:\/\/christusnews.de\/site\/freudezaehler\/","title":{"rendered":"Freudez\u00e4hler"},"content":{"rendered":"\n<p>Es ist ein kalter Wintertag.<\/p>\n\n\n\n<p>Ich m\u00f6chte Gleitschirmfliegen.<\/p>\n\n\n\n<p>Dazu kraxel ich mit schwerem Gep\u00e4ck einen schneebedeckten Berg hinauf. 1 Stunde Aufstieg.<\/p>\n\n\n\n<p>Schritt f\u00fcr Schritt. Schwer stapfend. Warm unter der Kleidung. Klirrend kalt im Gesicht.<\/p>\n\n\n\n<p>\u2026aber mit einem L\u00e4cheln, das mit jedem erklommenen H\u00f6henmeter breiter wird.<\/p>\n\n\n\n<p>\u00dcber mir ziehen schon andere Gleitschirmflieger ihre Kreise. Bunte Flecken im blauen Winterhimmel.<\/p>\n\n\n\n<p>Gl\u00fcckliches Jauchzen ist zu h\u00f6ren.&nbsp;<\/p>\n\n\n\n<p>Auf dem Berg angekommen, packe ich den Gleitschirm aus, sortiere die Leinen und lege den Gleitschirm an.<\/p>\n\n\n\n<p>Ich laufe los\u2026 sp\u00fcre, wie sich der Schirm hinter mir hebt. Laufe weiter, hebe ab.<\/p>\n\n\n\n<p>Diesmal jauchze ich.&nbsp;<\/p>\n\n\n\n<p>Von oben sehe ich bunte Flecken auf wei\u00dfem Schnee. stapfende Rucksacktr\u00e4ger auf dem Weg zum Startpunkt.<\/p>\n\n\n\n<p>Manche fragen mich, warum ich so viel Aufwand f\u00fcr einen relativ kurzen Flug auf mich nehme.&nbsp;<\/p>\n\n\n\n<p>Nun, ich z\u00e4hle hier anders.<\/p>\n\n\n\n<p>Mein pers\u00f6nlicher Freudez\u00e4hler beginnt bereits unten am Hang zu laufen.&nbsp;<\/p>\n\n\n\n<p>Wenn ich noch schwer stapfe. Mit einem L\u00e4cheln, das mit jedem H\u00f6henmeter breiter wird.&nbsp;<\/p>\n\n\n\n<p><\/p>\n\n\n\n<blockquote class=\"wp-block-quote is-layout-flow wp-block-quote-is-layout-flow\">\n<p><strong>Silja Lindbergh, Predigtlektorin in der Kirchengemeinde Heppens<\/strong><br><em>H\u00f6ren Sie diesen Beitrag bei Radio Jade:<\/em><br><a rel=\"noreferrer noopener\" href=\"http:\/\/www.radio-jade.de\/mediathek\/angedacht\/\" target=\"_blank\"><em>Alle Beitr\u00e4ge im \u00dcberblick | RADIO JADE<\/em><\/a><\/p>\n<\/blockquote>\n","protected":false},"excerpt":{"rendered":"<p>Es ist ein kalter Wintertag. Ich m\u00f6chte Gleitschirmfliegen. Dazu kraxel ich mit schwerem Gep\u00e4ck einen schneebedeckten Berg hinauf. 1 Stunde Aufstieg. Schritt f\u00fcr Schritt. Schwer stapfend. Warm unter der Kleidung. Klirrend kalt im Gesicht. \u2026aber mit einem L\u00e4cheln, das mit jedem erklommenen H\u00f6henmeter breiter wird. \u00dcber mir ziehen schon andere Gleitschirmflieger ihre Kreise. Bunte Flecken im blauen Winterhimmel. Gl\u00fcckliches Jauchzen ist zu h\u00f6ren.&nbsp; Auf dem Berg angekommen, packe ich den Gleitschirm aus, sortiere die Leinen und lege den Gleitschirm an. Ich laufe los\u2026 sp\u00fcre, wie sich der Schirm hinter mir hebt. Laufe weiter, hebe ab. Diesmal jauchze ich.&nbsp; Von oben&#8230;<\/p>\n","protected":false},"author":6,"featured_media":1171,"comment_status":"closed","ping_status":"open","sticky":false,"template":"","format":"standard","meta":{"footnotes":""},"categories":[5],"tags":[],"class_list":["post-23078","post","type-post","status-publish","format-standard","has-post-thumbnail","hentry","category-angedacht"],"_links":{"self":[{"href":"https:\/\/christusnews.de\/site\/wp-json\/wp\/v2\/posts\/23078","targetHints":{"allow":["GET"]}}],"collection":[{"href":"https:\/\/christusnews.de\/site\/wp-json\/wp\/v2\/posts"}],"about":[{"href":"https:\/\/christusnews.de\/site\/wp-json\/wp\/v2\/types\/post"}],"author":[{"embeddable":true,"href":"https:\/\/christusnews.de\/site\/wp-json\/wp\/v2\/users\/6"}],"replies":[{"embeddable":true,"href":"https:\/\/christusnews.de\/site\/wp-json\/wp\/v2\/comments?post=23078"}],"version-history":[{"count":1,"href":"https:\/\/christusnews.de\/site\/wp-json\/wp\/v2\/posts\/23078\/revisions"}],"predecessor-version":[{"id":23079,"href":"https:\/\/christusnews.de\/site\/wp-json\/wp\/v2\/posts\/23078\/revisions\/23079"}],"wp:featuredmedia":[{"embeddable":true,"href":"https:\/\/christusnews.de\/site\/wp-json\/wp\/v2\/media\/1171"}],"wp:attachment":[{"href":"https:\/\/christusnews.de\/site\/wp-json\/wp\/v2\/media?parent=23078"}],"wp:term":[{"taxonomy":"category","embeddable":true,"href":"https:\/\/christusnews.de\/site\/wp-json\/wp\/v2\/categories?post=23078"},{"taxonomy":"post_tag","embeddable":true,"href":"https:\/\/christusnews.de\/site\/wp-json\/wp\/v2\/tags?post=23078"}],"curies":[{"name":"wp","href":"https:\/\/api.w.org\/{rel}","templated":true}]}}