{"id":23084,"date":"2023-01-08T11:46:00","date_gmt":"2023-01-08T10:46:00","guid":{"rendered":"https:\/\/christusnews.de\/site\/chefredakteur-kirche-muss-staerker-in-sozialen-medien-praesent-sein\/"},"modified":"2023-01-09T22:17:25","modified_gmt":"2023-01-09T21:17:25","slug":"chefredakteur-kirche-muss-staerker-in-sozialen-medien-praesent-sein","status":"publish","type":"post","link":"https:\/\/christusnews.de\/site\/chefredakteur-kirche-muss-staerker-in-sozialen-medien-praesent-sein\/","title":{"rendered":"Chefredakteur: Kirche muss st\u00e4rker in sozialen Medien pr\u00e4sent sein\u00a0"},"content":{"rendered":"<p class=\"MsoPlainText\">Osnabr\u00fcck (epd). Der Journalist Bernward Loheide hat die Kirche ermutigt, noch st\u00e4rker als bisher in den Sozialen Medien pr\u00e4sent zu sein. Laut Medienforschern gebe es dort einen gro\u00dfen Bedarf an neuer Spiritualit\u00e4t und eine Sehnsucht nach Sinnstiftendem, sagte er nach Angaben des katholischen Bistums Osnabr\u00fcck am Sonntag beim Neujahrsempfang des Bistums. Loheide ist Chefredakteur der Katholischen Nachrichten Agentur (KNA).<\/p>\n<p class=\"MsoPlainText\">&nbsp;<\/p>\n<p class=\"MsoPlainText\">Vieles, worum Influencer einen gro\u00dfen Hype machten, geh\u00f6re seit langem zur katholischen Tradition, etwa Zeiten des Fastens, der inneren Einkehr und der Besinnung, sagte Loheide. Die Kommunikation der Kirche sei dagegen aber oft noch traditionell. Sie m\u00fcsse ihr \u00abRiesenpotenzial\u00bb, Menschen Orientierung zu geben, neu entdecken. Zu dem Empfang kamen den Angaben zufolge rund 150 G\u00e4ste aus Politik, Bildung, Wirtschaft und Kirche.<\/p>\n<p class=\"MsoPlainText\">&nbsp;<\/p>\n<p class=\"MsoPlainText\">Der katholische Bischof Franz-Josef Bode sprach \u00fcber die Ergebnisse einer Studie der Universit\u00e4t zu sexualisierter Gewalt im Bistum. \u00abHier hat es viele Irritationen gegeben, f\u00fcr die ich Verantwortung trage\u00bb, sagte er. Er stelle sich dieser Verantwortung. F\u00fcr sein Bistum wolle er, dass sich \u00fcber die Ma\u00dfnahmen gegen sexualisierte Gewalt und f\u00fcr die Rechte von Betroffenen hinaus eine neue Haltung zu diesen Themen entwickele.<\/p>\n<p class=\"MsoPlainText\">&nbsp;<\/p>\n<p class=\"MsoPlainText\">Historiker und Rechtswissenschaftler der Universit\u00e4t Osnabr\u00fcck hatten dem Bistum und auch Bischof Bode f\u00fcr die Zeit bis \u00fcber das Jahr 2000 hinaus schwerwiegende Pflichtverletzungen in F\u00e4llen sexualisierter Gewalt vorgeworfen. Dadurch habe das Bistum Minderj\u00e4hrige in Gefahr gebracht. Bode r\u00e4umte daraufhin Fehler ein und k\u00fcndigte grundlegende \u00c4nderungen an. Er leitet das Bistum seit 1995.<\/p>\n<p class=\"MsoPlainText\">&nbsp;<\/p>\n<p>Kirche-Oldenburg<br \/>\n<a href=\"https:\/\/www.kirche-oldenburg.de\/\/aktuell\/news-niedersachsen\/artikel\/chefredakteur-kirche-muss-staerker-in-sozialen-medien-praesent-sein\" target=\"_blank\" rel=\"noopener\">Chefredakteur: Kirche muss st\u00e4rker in sozialen Medien pr\u00e4sent sein\u00a0<\/a><\/p>\n","protected":false},"excerpt":{"rendered":"<p>Osnabr\u00fcck (epd). Der Journalist Bernward Loheide hat die Kirche ermutigt, noch st\u00e4rker als bisher in den Sozialen Medien pr\u00e4sent zu sein. Laut Medienforschern gebe es dort einen gro\u00dfen Bedarf an neuer Spiritualit\u00e4t und eine Sehnsucht nach Sinnstiftendem, sagte er nach Angaben des katholischen Bistums Osnabr\u00fcck am Sonntag beim Neujahrsempfang des Bistums. Loheide ist Chefredakteur der Katholischen Nachrichten Agentur (KNA). &nbsp; Vieles, worum Influencer einen gro\u00dfen Hype machten, geh\u00f6re seit langem zur katholischen Tradition, etwa Zeiten des Fastens, der inneren Einkehr und der Besinnung, sagte Loheide. Die Kommunikation der Kirche sei dagegen aber oft noch traditionell. Sie m\u00fcsse ihr \u00abRiesenpotenzial\u00bb, Menschen&#8230;<\/p>\n","protected":false},"author":7,"featured_media":0,"comment_status":"false","ping_status":"open","sticky":false,"template":"","format":"standard","meta":{"footnotes":""},"categories":[43],"tags":[44],"class_list":["post-23084","post","type-post","status-publish","format-standard","hentry","category-kirche-oldenburg","tag-kirche-oldenburg"],"_links":{"self":[{"href":"https:\/\/christusnews.de\/site\/wp-json\/wp\/v2\/posts\/23084","targetHints":{"allow":["GET"]}}],"collection":[{"href":"https:\/\/christusnews.de\/site\/wp-json\/wp\/v2\/posts"}],"about":[{"href":"https:\/\/christusnews.de\/site\/wp-json\/wp\/v2\/types\/post"}],"author":[{"embeddable":true,"href":"https:\/\/christusnews.de\/site\/wp-json\/wp\/v2\/users\/7"}],"replies":[{"embeddable":true,"href":"https:\/\/christusnews.de\/site\/wp-json\/wp\/v2\/comments?post=23084"}],"version-history":[{"count":1,"href":"https:\/\/christusnews.de\/site\/wp-json\/wp\/v2\/posts\/23084\/revisions"}],"predecessor-version":[{"id":23085,"href":"https:\/\/christusnews.de\/site\/wp-json\/wp\/v2\/posts\/23084\/revisions\/23085"}],"wp:attachment":[{"href":"https:\/\/christusnews.de\/site\/wp-json\/wp\/v2\/media?parent=23084"}],"wp:term":[{"taxonomy":"category","embeddable":true,"href":"https:\/\/christusnews.de\/site\/wp-json\/wp\/v2\/categories?post=23084"},{"taxonomy":"post_tag","embeddable":true,"href":"https:\/\/christusnews.de\/site\/wp-json\/wp\/v2\/tags?post=23084"}],"curies":[{"name":"wp","href":"https:\/\/api.w.org\/{rel}","templated":true}]}}