{"id":23088,"date":"2023-01-06T11:45:00","date_gmt":"2023-01-06T10:45:00","guid":{"rendered":"https:\/\/christusnews.de\/site\/pfarrer-darf-nach-grenzverletzendem-verhalten-zurueck-in-gemeinde\/"},"modified":"2023-01-09T22:17:26","modified_gmt":"2023-01-09T21:17:26","slug":"pfarrer-darf-nach-grenzverletzendem-verhalten-zurueck-in-gemeinde","status":"publish","type":"post","link":"https:\/\/christusnews.de\/site\/pfarrer-darf-nach-grenzverletzendem-verhalten-zurueck-in-gemeinde\/","title":{"rendered":"Pfarrer darf nach grenzverletzendem Verhalten zur\u00fcck in Gemeinde"},"content":{"rendered":"<p class=\"MsoPlainText\">Lindern\/Vechta\/M\u00fcnster (epd). Ein wegen grenzverletzenden Verhaltens beurlaubter katholischer Pfarrer darf unter Auflagen in seine Kirchengemeinde St. Katharina von Siena in Lindern bei Cloppenburg zur\u00fcckkehren. Der M\u00fcnstersche Bischof Felix Genn habe dem Theologen auferlegt, vier Jahre lang keinerlei Einzelkontakt mit jungen Frauen bis zum Alter von 27 Jahren zu haben, weder im Pfarrhaus noch in sonstigen seelsorglichen Situationen der Gemeinde, wie etwa bei Wallfahrten, teilte das Offizialat in Vechta am Freitag mit.<\/p>\n<p class=\"MsoPlainText\">&nbsp;<\/p>\n<p class=\"MsoPlainText\">Der Pfarrer sei wegen eines Vorfalls im Jahr 2010 im vergangenen Fr\u00fchjahr beurlaubt worden, hie\u00df es weiter. Aufgrund von Medienberichten habe sich noch eine zweite Person gemeldet, die \u00e4hnliches erlitten habe. Die nachfolgenden Untersuchungen h\u00e4tten jedoch keine neuen Anhaltspunkte f\u00fcr straf- oder kirchenrechtliche Sanktionen ergeben.<\/p>\n<p class=\"MsoPlainText\">&nbsp;<\/p>\n<p class=\"MsoPlainText\">Trotzdem habe das Bistum bei den Untersuchungen Erkenntnisse \u00fcber das Verhalten des Pfarrers gewonnen. \u00abDieses Verhalten widerspricht in beiden F\u00e4llen deutlich den Schutzpflichten eines Seelsorgers in vertraulichen seelsorgerlichen Beziehungen\u00bb, hie\u00df es weiter. Aufgrund dieses wiederholten Verhaltens habe Bischof Genn den Priester mit Nachdruck zum Verzicht auf das Amt des Pfarrers aufgefordert. Auch die Beratungsgremien des Bischofs h\u00e4tten zu diesem Schritt geraten. Die Gremien der Pfarrei h\u00e4tten mit deutlicher Mehrheit erkl\u00e4rt, nicht mehr vertrauensvoll mit dem Pfarrer zusammenarbeiten zu k\u00f6nnen.<\/p>\n<p class=\"MsoPlainText\">&nbsp;<\/p>\n<p class=\"MsoPlainText\">Da der Pfarrer trotz der ausdr\u00fccklichen Aufforderung des Bischofs in sein Amt zur\u00fcckkehren wolle, habe Bischof Genn die Auflagen erlassen. Au\u00dferdem muss der Priester den Angaben zufolge die H\u00e4lfte der im Fr\u00fchjahr 2022 einer Frau zuerkannten f\u00fcnfstelligen Anerkennungsleistung zahlen. Zudem sei er verpflichtet, weiterhin regelm\u00e4\u00dfige Beratung in Anspruch zu nehmen.<\/p>\n<p class=\"MsoPlainText\">&nbsp;<\/p>\n<p class=\"MsoPlainText\">Der gesamte Vorgang inklusive der beiden Meldungen \u00fcber das grenzverletzende Verhalten werde jetzt an die zust\u00e4ndige Kommission im Vatikan weitergeleitet. Wann genau der Priester nach Lindern zur\u00fcckkehrt, m\u00fcsse noch mit den Gremien der Pfarrei gekl\u00e4rt werden.<\/p>\n<p>Kirche-Oldenburg<br \/>\n<a href=\"https:\/\/www.kirche-oldenburg.de\/\/aktuell\/news-niedersachsen\/artikel\/pfarrer-darf-nach-grenzverletzendem-verhalten-zurueck-in-gemeinde\" target=\"_blank\" rel=\"noopener\">Pfarrer darf nach grenzverletzendem Verhalten zur\u00fcck in Gemeinde<\/a><\/p>\n","protected":false},"excerpt":{"rendered":"<p>Lindern\/Vechta\/M\u00fcnster (epd). Ein wegen grenzverletzenden Verhaltens beurlaubter katholischer Pfarrer darf unter Auflagen in seine Kirchengemeinde St. Katharina von Siena in Lindern bei Cloppenburg zur\u00fcckkehren. Der M\u00fcnstersche Bischof Felix Genn habe dem Theologen auferlegt, vier Jahre lang keinerlei Einzelkontakt mit jungen Frauen bis zum Alter von 27 Jahren zu haben, weder im Pfarrhaus noch in sonstigen seelsorglichen Situationen der Gemeinde, wie etwa bei Wallfahrten, teilte das Offizialat in Vechta am Freitag mit. &nbsp; Der Pfarrer sei wegen eines Vorfalls im Jahr 2010 im vergangenen Fr\u00fchjahr beurlaubt worden, hie\u00df es weiter. Aufgrund von Medienberichten habe sich noch eine zweite Person gemeldet, die&#8230;<\/p>\n","protected":false},"author":7,"featured_media":0,"comment_status":"false","ping_status":"open","sticky":false,"template":"","format":"standard","meta":{"footnotes":""},"categories":[43],"tags":[44],"class_list":["post-23088","post","type-post","status-publish","format-standard","hentry","category-kirche-oldenburg","tag-kirche-oldenburg"],"_links":{"self":[{"href":"https:\/\/christusnews.de\/site\/wp-json\/wp\/v2\/posts\/23088","targetHints":{"allow":["GET"]}}],"collection":[{"href":"https:\/\/christusnews.de\/site\/wp-json\/wp\/v2\/posts"}],"about":[{"href":"https:\/\/christusnews.de\/site\/wp-json\/wp\/v2\/types\/post"}],"author":[{"embeddable":true,"href":"https:\/\/christusnews.de\/site\/wp-json\/wp\/v2\/users\/7"}],"replies":[{"embeddable":true,"href":"https:\/\/christusnews.de\/site\/wp-json\/wp\/v2\/comments?post=23088"}],"version-history":[{"count":1,"href":"https:\/\/christusnews.de\/site\/wp-json\/wp\/v2\/posts\/23088\/revisions"}],"predecessor-version":[{"id":23089,"href":"https:\/\/christusnews.de\/site\/wp-json\/wp\/v2\/posts\/23088\/revisions\/23089"}],"wp:attachment":[{"href":"https:\/\/christusnews.de\/site\/wp-json\/wp\/v2\/media?parent=23088"}],"wp:term":[{"taxonomy":"category","embeddable":true,"href":"https:\/\/christusnews.de\/site\/wp-json\/wp\/v2\/categories?post=23088"},{"taxonomy":"post_tag","embeddable":true,"href":"https:\/\/christusnews.de\/site\/wp-json\/wp\/v2\/tags?post=23088"}],"curies":[{"name":"wp","href":"https:\/\/api.w.org\/{rel}","templated":true}]}}