{"id":23090,"date":"2023-01-09T07:57:00","date_gmt":"2023-01-09T06:57:00","guid":{"rendered":"https:\/\/christusnews.de\/site\/vertreter-von-acht-religionen-beten-in-bremen-fuer-den-frieden\/"},"modified":"2023-01-10T10:17:20","modified_gmt":"2023-01-10T09:17:20","slug":"vertreter-von-acht-religionen-beten-in-bremen-fuer-den-frieden","status":"publish","type":"post","link":"https:\/\/christusnews.de\/site\/vertreter-von-acht-religionen-beten-in-bremen-fuer-den-frieden\/","title":{"rendered":"Vertreter von acht Religionen beten in Bremen f\u00fcr den Frieden"},"content":{"rendered":"<p>Bremen (epd). Das traditionelle Bremer \u00abFriedensgebet der Religionen\u00bb zum Jahresanfang ist nach digitalen Terminen in den zur\u00fcckliegenden zwei Pandemie-Jahren am kommenden Sonntag (15. Januar) erstmals wieder in Pr\u00e4senz geplant. Dazu treffen sich ab 16 Uhr Vertreter von acht Religionen im Rathaus der Hansestadt, wie der Katholische Gemeindeverband am Montag mitteilte.<\/p>\n<p>\nBeteiligt sind den Angaben zufolge Aleviten, Bahai, Buddhisten, Christen, Hinduisten, Muslime, Juden und Jesiden. B\u00fcrgermeister Andreas Bovenschulte (SPD), der zugleich Senator f\u00fcr Angelegenheiten der Religionsgemeinschaften ist, will zu Beginn ein Gru\u00dfwort sprechen. Moderiert wird das Friedensgebet durch den katholischen Pastoralreferenten Johannes Gebbe.<\/p>\n<p>\nNach Informationen des Gemeindeverbandes kommen Gl\u00e4ubige seit 2005 zum Friedensgebet im Rathaus zusammen: \u00abSo k\u00f6nnen sie in einem weltanschaulich neutralen, aber gleichzeitig \u00f6ffentlichen Rahmen mit Gebeten oder Texten aus ihren \u00dcberlieferungen daf\u00fcr bitten, die Menschen auf den Weg des Friedens zu f\u00fchren.\u00bb Dies geschehe in gegenseitigem Respekt und in Ehrfurcht vor dem, was den anderen Glaubensgemeinschaften heilig sei.<\/p>\n<p>Kirche-Oldenburg<br \/>\n<a href=\"https:\/\/www.kirche-oldenburg.de\/\/aktuell\/news-niedersachsen\/artikel\/vertreter-von-acht-religionen-beten-in-bremen-fuer-den-frieden\" target=\"_blank\" rel=\"noopener\">Vertreter von acht Religionen beten in Bremen f\u00fcr den Frieden<\/a><\/p>\n","protected":false},"excerpt":{"rendered":"<p>Bremen (epd). Das traditionelle Bremer \u00abFriedensgebet der Religionen\u00bb zum Jahresanfang ist nach digitalen Terminen in den zur\u00fcckliegenden zwei Pandemie-Jahren am kommenden Sonntag (15. Januar) erstmals wieder in Pr\u00e4senz geplant. Dazu treffen sich ab 16 Uhr Vertreter von acht Religionen im Rathaus der Hansestadt, wie der Katholische Gemeindeverband am Montag mitteilte. Beteiligt sind den Angaben zufolge Aleviten, Bahai, Buddhisten, Christen, Hinduisten, Muslime, Juden und Jesiden. B\u00fcrgermeister Andreas Bovenschulte (SPD), der zugleich Senator f\u00fcr Angelegenheiten der Religionsgemeinschaften ist, will zu Beginn ein Gru\u00dfwort sprechen. Moderiert wird das Friedensgebet durch den katholischen Pastoralreferenten Johannes Gebbe. Nach Informationen des Gemeindeverbandes kommen Gl\u00e4ubige seit 2005&#8230;<\/p>\n","protected":false},"author":7,"featured_media":0,"comment_status":"false","ping_status":"open","sticky":false,"template":"","format":"standard","meta":{"footnotes":""},"categories":[43],"tags":[44],"class_list":["post-23090","post","type-post","status-publish","format-standard","hentry","category-kirche-oldenburg","tag-kirche-oldenburg"],"_links":{"self":[{"href":"https:\/\/christusnews.de\/site\/wp-json\/wp\/v2\/posts\/23090","targetHints":{"allow":["GET"]}}],"collection":[{"href":"https:\/\/christusnews.de\/site\/wp-json\/wp\/v2\/posts"}],"about":[{"href":"https:\/\/christusnews.de\/site\/wp-json\/wp\/v2\/types\/post"}],"author":[{"embeddable":true,"href":"https:\/\/christusnews.de\/site\/wp-json\/wp\/v2\/users\/7"}],"replies":[{"embeddable":true,"href":"https:\/\/christusnews.de\/site\/wp-json\/wp\/v2\/comments?post=23090"}],"version-history":[{"count":1,"href":"https:\/\/christusnews.de\/site\/wp-json\/wp\/v2\/posts\/23090\/revisions"}],"predecessor-version":[{"id":23091,"href":"https:\/\/christusnews.de\/site\/wp-json\/wp\/v2\/posts\/23090\/revisions\/23091"}],"wp:attachment":[{"href":"https:\/\/christusnews.de\/site\/wp-json\/wp\/v2\/media?parent=23090"}],"wp:term":[{"taxonomy":"category","embeddable":true,"href":"https:\/\/christusnews.de\/site\/wp-json\/wp\/v2\/categories?post=23090"},{"taxonomy":"post_tag","embeddable":true,"href":"https:\/\/christusnews.de\/site\/wp-json\/wp\/v2\/tags?post=23090"}],"curies":[{"name":"wp","href":"https:\/\/api.w.org\/{rel}","templated":true}]}}