{"id":23094,"date":"2023-01-09T11:19:00","date_gmt":"2023-01-09T10:19:00","guid":{"rendered":"https:\/\/christusnews.de\/site\/kirchen-wollen-verhandlungen-ueber-einfuehrung-des-christlichen-religionsunterrichts-starten\/"},"modified":"2023-01-10T22:18:00","modified_gmt":"2023-01-10T21:18:00","slug":"kirchen-wollen-verhandlungen-ueber-einfuehrung-des-christlichen-religionsunterrichts-starten","status":"publish","type":"post","link":"https:\/\/christusnews.de\/site\/kirchen-wollen-verhandlungen-ueber-einfuehrung-des-christlichen-religionsunterrichts-starten\/","title":{"rendered":"Kirchen wollen Verhandlungen \u00fcber Einf\u00fchrung des Christlichen Religionsunterrichts starten"},"content":{"rendered":"<p>Die nieders\u00e4chsischen katholischen Bist\u00fcmer, das katholische Offizialat Vechta und die Konf\u00f6deration evangelischer Kirchen in Niedersachsen m\u00f6chten mit dem Land Niedersachsen in Verhandlungen zur Einf\u00fchrung eines Christlichen Religionsunterrichts eintreten. Einen entsprechenden Beschluss haben die leitenden Geistlichen der beteiligten Kirchen auf Basis vorangegangener Gremienentscheidungen getroffen.<\/p>\n<p>Ziel der Gespr\u00e4che mit der Landesregierung ist es, ein Fach Christlicher Religionsunterricht (CRU) in gemeinsamer Verantwortung der Kirchen als ordentliches Unterrichtsfach anstelle des bisherigen katholischen und evangelischen Religionsunterrichts an allen allgemein- und berufsbildenden Schulen einzurichten. Die Verhandlungen sollen nach dem Wunsch der Kirchen zu Beginn des Jahres 2023 aufgenommen werden.<\/p>\n<p>Die Einf\u00fchrung des CRU erfordert umfangreiche Anpassungen der bisherigen Regelungen. Die beteiligten Kirchen haben daf\u00fcr eine bereits ver\u00f6ffentlichte Roadmap erarbeitet. So m\u00fcssen etwa das Schulgesetz und die Lehrpl\u00e4ne ge\u00e4ndert werden. Da der gemeinsame Religionsunterricht von Lehrkr\u00e4ften f\u00fcr die F\u00e4cher Evangelische und Katholische Religion erteilt werden soll, sind die Missio-canonica-Ordnungen der Bist\u00fcmer sowie die Vokationsgesetze der Kirchen der Konf\u00f6deration anzupassen. Erstes Unterrichtsmaterial und Schulb\u00fccher sollen zum Start vorliegen. Die beteiligten Kirchen rechnen daher mit einem mehrj\u00e4hrigen Prozess, ehe der CRU fl\u00e4chendeckend zum ordentlichen Unterrichtsfach wird. Eine Einf\u00fchrung ist ab dem Schuljahr 2025\/2026 denkbar. Dabei steht f\u00fcr die Kirchen au\u00dfer Frage, dass die Einf\u00fchrung des CRU kein Grund sein darf, Ausbildungsm\u00f6glichkeiten an Universit\u00e4ten und Studienseminaren abzubauen.<\/p>\n<p>Der Bischof des katholischen Bistums Osnabr\u00fcck, Dr. Franz-Josef Bode, sagt \u00fcber die getroffene Entscheidung: \u201eIch bin froh und dankbar dar\u00fcber, dass wir das Vorhaben des Christlichen Religionsunterrichts in hervorragender \u00f6kumenischer Zusammenarbeit so weit entwickelt und vorangebracht haben, dass wir nun mit der Landesregierung dar\u00fcber sprechen k\u00f6nnen, das Fach konkret einzuf\u00fchren.\u201c<\/p>\n<p>Landesbischof Dr. Karl-Hinrich Manzke (B\u00fcckeburg) sagt f\u00fcr die Konf\u00f6deration evangelischer Kirchen in Niedersachsen: \u201eDer gemeinsam verantwortete Christliche Religionsunterricht wird den bisherigen Religionsunterricht weiterentwickeln und junge Menschen noch besser bef\u00e4higen, sich in religi\u00f6sen Fragen begr\u00fcndet zu positionieren. Themen, bei denen die beteiligten Kirchen nicht \u00fcbereinstimmen, sollen im CRU als verschiedene Wege des Christseins thematisiert werden und so zur Identit\u00e4tsbildung und Pluralit\u00e4tsf\u00e4higkeit der Sch\u00fclerinnen und Sch\u00fcler beitragen.\u201c<\/p>\n<p><strong>Weitere Informationen<\/strong><br \/>\nWeitere Informationen, Stellungnahmen und Texte zum Christlichen Religionsunterricht und dem Beratungsprozess finden sich auf der <a href=\"https:\/\/www.religionsunterricht-in-niedersachsen.de\/christlicherRU\">\u00dcbersichtsseite zum Christlichen Religionsunterricht<\/a>.<br \/>\n&nbsp;<\/p>\n<p>Kirche-Oldenburg<br \/>\n<a href=\"https:\/\/www.kirche-oldenburg.de\/\/aktuell\/pressemitteilungen\/artikel\/kirchen-wollen-verhandlungen-ueber-einfuehrung-des-christlichen-religionsunterrichts-starten\" target=\"_blank\" rel=\"noopener\">Kirchen wollen Verhandlungen \u00fcber Einf\u00fchrung des Christlichen Religionsunterrichts starten<\/a><\/p>\n","protected":false},"excerpt":{"rendered":"<p>Die nieders\u00e4chsischen katholischen Bist\u00fcmer, das katholische Offizialat Vechta und die Konf\u00f6deration evangelischer Kirchen in Niedersachsen m\u00f6chten mit dem Land Niedersachsen in Verhandlungen zur Einf\u00fchrung eines Christlichen Religionsunterrichts eintreten. Einen entsprechenden Beschluss haben die leitenden Geistlichen der beteiligten Kirchen auf Basis vorangegangener Gremienentscheidungen getroffen. Ziel der Gespr\u00e4che mit der Landesregierung ist es, ein Fach Christlicher Religionsunterricht (CRU) in gemeinsamer Verantwortung der Kirchen als ordentliches Unterrichtsfach anstelle des bisherigen katholischen und evangelischen Religionsunterrichts an allen allgemein- und berufsbildenden Schulen einzurichten. Die Verhandlungen sollen nach dem Wunsch der Kirchen zu Beginn des Jahres 2023 aufgenommen werden. Die Einf\u00fchrung des CRU erfordert umfangreiche Anpassungen&#8230;<\/p>\n","protected":false},"author":7,"featured_media":0,"comment_status":"false","ping_status":"open","sticky":false,"template":"","format":"standard","meta":{"footnotes":""},"categories":[43],"tags":[44],"class_list":["post-23094","post","type-post","status-publish","format-standard","hentry","category-kirche-oldenburg","tag-kirche-oldenburg"],"_links":{"self":[{"href":"https:\/\/christusnews.de\/site\/wp-json\/wp\/v2\/posts\/23094","targetHints":{"allow":["GET"]}}],"collection":[{"href":"https:\/\/christusnews.de\/site\/wp-json\/wp\/v2\/posts"}],"about":[{"href":"https:\/\/christusnews.de\/site\/wp-json\/wp\/v2\/types\/post"}],"author":[{"embeddable":true,"href":"https:\/\/christusnews.de\/site\/wp-json\/wp\/v2\/users\/7"}],"replies":[{"embeddable":true,"href":"https:\/\/christusnews.de\/site\/wp-json\/wp\/v2\/comments?post=23094"}],"version-history":[{"count":1,"href":"https:\/\/christusnews.de\/site\/wp-json\/wp\/v2\/posts\/23094\/revisions"}],"predecessor-version":[{"id":23095,"href":"https:\/\/christusnews.de\/site\/wp-json\/wp\/v2\/posts\/23094\/revisions\/23095"}],"wp:attachment":[{"href":"https:\/\/christusnews.de\/site\/wp-json\/wp\/v2\/media?parent=23094"}],"wp:term":[{"taxonomy":"category","embeddable":true,"href":"https:\/\/christusnews.de\/site\/wp-json\/wp\/v2\/categories?post=23094"},{"taxonomy":"post_tag","embeddable":true,"href":"https:\/\/christusnews.de\/site\/wp-json\/wp\/v2\/tags?post=23094"}],"curies":[{"name":"wp","href":"https:\/\/api.w.org\/{rel}","templated":true}]}}