{"id":23098,"date":"2023-01-10T09:29:00","date_gmt":"2023-01-10T08:29:00","guid":{"rendered":"https:\/\/christusnews.de\/site\/ostfriesischer-pastor-unter-den-predigern-beim-kirchentag-in-nuernberg\/"},"modified":"2023-01-11T10:17:56","modified_gmt":"2023-01-11T09:17:56","slug":"ostfriesischer-pastor-unter-den-predigern-beim-kirchentag-in-nuernberg","status":"publish","type":"post","link":"https:\/\/christusnews.de\/site\/ostfriesischer-pastor-unter-den-predigern-beim-kirchentag-in-nuernberg\/","title":{"rendered":"Ostfriesischer Pastor unter den Predigern beim Kirchentag in N\u00fcrnberg"},"content":{"rendered":"<p>N\u00fcrnberg\/Wiesmoor (epd). Der bayerische Landesbischof Heinrich Bedford-Strohm wird im Juni zur Er\u00f6ffnung des evangelischen Kirchentags in N\u00fcrnberg predigen. F\u00fcr ihn werde es einer der letzten gro\u00dfen Auftritte als Landesbischof sein, teilte der Kirchentag am Dienstag in Fulda mit. Seine zw\u00f6lfj\u00e4hrige Amtszeit endet im Oktober dieses Jahres. Prediger beim Abschlussgottesdienst auf dem Hauptmarkt, der auch von ARD und Deutschlandfunk in Fernsehen und Radio \u00fcbertragen werden soll, ist der s\u00fcdafrikanische Theologe und Pastor Quinton Ceasar aus Wiesmoor (Ostfriesland).<\/p>\n<p>\nDer 38. Deutsche Evangelische Kirchentag findet vom 7. bis 11. Juni in N\u00fcrnberg statt, auf Einladung der Evangelisch-Lutherischen Kirche in Bayern, der Stadt N\u00fcrnberg und dem Freistaat Bayern. Er steht unter der biblischen Losung \u00abJetzt ist die Zeit\u00bb, ein Zitat aus dem Markus-Evangelium.<\/p>\n<p>\nAuch die weiteren Personen stehen fest, die in den zentralen Gottesdiensten zu Beginn und Ende des f\u00fcnft\u00e4gigen Christentreffens predigen werden, hie\u00df es weiter. W\u00e4hrend Bedford-Strohm die Predigt beim Er\u00f6ffnungsgottesdienst auf dem Hauptmarkt halten werde, predige die Theologin und Schriftstellerin Christina Brudereck aus Essen zur Er\u00f6ffnung auf dem Kornmarkt. Beim Schlussgottesdienst auf dem Kornmarkt soll der Theologe, Blogger und Podcaster Alex Brandl sprechen, der derzeit sein Vikariat in M\u00fcnchen absolviert.<\/p>\n<p>\nDer Deutsche Evangelische Kirchentag wurde 1949 als christliche Laienbewegung gegr\u00fcndet. An dem alle zwei Jahre in einer deutschen Gro\u00dfstadt stattfindenden Treffen nehmen jeweils rund 100.000 Menschen teil.<\/p>\n<p>Kirche-Oldenburg<br \/>\n<a href=\"https:\/\/www.kirche-oldenburg.de\/\/aktuell\/news-niedersachsen\/artikel\/ostfriesischer-pastor-unter-den-predigern-beim-kirchentag-in-nuernberg\" target=\"_blank\" rel=\"noopener\">Ostfriesischer Pastor unter den Predigern beim Kirchentag in N\u00fcrnberg<\/a><\/p>\n","protected":false},"excerpt":{"rendered":"<p>N\u00fcrnberg\/Wiesmoor (epd). Der bayerische Landesbischof Heinrich Bedford-Strohm wird im Juni zur Er\u00f6ffnung des evangelischen Kirchentags in N\u00fcrnberg predigen. F\u00fcr ihn werde es einer der letzten gro\u00dfen Auftritte als Landesbischof sein, teilte der Kirchentag am Dienstag in Fulda mit. Seine zw\u00f6lfj\u00e4hrige Amtszeit endet im Oktober dieses Jahres. Prediger beim Abschlussgottesdienst auf dem Hauptmarkt, der auch von ARD und Deutschlandfunk in Fernsehen und Radio \u00fcbertragen werden soll, ist der s\u00fcdafrikanische Theologe und Pastor Quinton Ceasar aus Wiesmoor (Ostfriesland). Der 38. Deutsche Evangelische Kirchentag findet vom 7. bis 11. Juni in N\u00fcrnberg statt, auf Einladung der Evangelisch-Lutherischen Kirche in Bayern, der Stadt N\u00fcrnberg&#8230;<\/p>\n","protected":false},"author":7,"featured_media":0,"comment_status":"false","ping_status":"open","sticky":false,"template":"","format":"standard","meta":{"footnotes":""},"categories":[43],"tags":[44],"class_list":["post-23098","post","type-post","status-publish","format-standard","hentry","category-kirche-oldenburg","tag-kirche-oldenburg"],"_links":{"self":[{"href":"https:\/\/christusnews.de\/site\/wp-json\/wp\/v2\/posts\/23098","targetHints":{"allow":["GET"]}}],"collection":[{"href":"https:\/\/christusnews.de\/site\/wp-json\/wp\/v2\/posts"}],"about":[{"href":"https:\/\/christusnews.de\/site\/wp-json\/wp\/v2\/types\/post"}],"author":[{"embeddable":true,"href":"https:\/\/christusnews.de\/site\/wp-json\/wp\/v2\/users\/7"}],"replies":[{"embeddable":true,"href":"https:\/\/christusnews.de\/site\/wp-json\/wp\/v2\/comments?post=23098"}],"version-history":[{"count":1,"href":"https:\/\/christusnews.de\/site\/wp-json\/wp\/v2\/posts\/23098\/revisions"}],"predecessor-version":[{"id":23099,"href":"https:\/\/christusnews.de\/site\/wp-json\/wp\/v2\/posts\/23098\/revisions\/23099"}],"wp:attachment":[{"href":"https:\/\/christusnews.de\/site\/wp-json\/wp\/v2\/media?parent=23098"}],"wp:term":[{"taxonomy":"category","embeddable":true,"href":"https:\/\/christusnews.de\/site\/wp-json\/wp\/v2\/categories?post=23098"},{"taxonomy":"post_tag","embeddable":true,"href":"https:\/\/christusnews.de\/site\/wp-json\/wp\/v2\/tags?post=23098"}],"curies":[{"name":"wp","href":"https:\/\/api.w.org\/{rel}","templated":true}]}}