{"id":23100,"date":"2023-01-11T08:00:00","date_gmt":"2023-01-11T07:00:00","guid":{"rendered":"https:\/\/christusnews.de\/site\/tafel-vorsitzender-containern-ist-keine-konkurrenz\/"},"modified":"2023-01-12T10:18:13","modified_gmt":"2023-01-12T09:18:13","slug":"tafel-vorsitzender-containern-ist-keine-konkurrenz","status":"publish","type":"post","link":"https:\/\/christusnews.de\/site\/tafel-vorsitzender-containern-ist-keine-konkurrenz\/","title":{"rendered":"Tafel-Vorsitzender: Containern ist keine Konkurrenz"},"content":{"rendered":"<p>Hannover\/Bremen (epd). Der Vorsitzende der Tafeln in Niedersachsen und Bremen, Uwe Lampe, steht der von Bundesjustizminister Marco Buschmann (FDP) und Agrarminister Cem \u00d6zdemir (Gr\u00fcne) vorgeschlagenen Legalisierung des sogenannten Containerns offen gegen\u00fcber. \u00abDas Containern macht den Tafeln nicht das Leben schwer, da besteht keine Konkurrenz\u00bb, sagte Lampe am Dienstag dem Evangelischen Pressedienst (epd). Der Anteil der vom Handel entsorgten Lebensmittel, die auf das Containern entfielen, mache ohnehin nur einen Bruchteil der Mengen aus, die aus den Superm\u00e4rkten von den Tafeln abgeholt w\u00fcrden, sagte Lampe. \u00abDas f\u00e4llt unter dem Strich nicht ins Gewicht.\u00bb Beim Containern holen Menschen weggeworfene, aber noch genie\u00dfbare Lebensmittel bislang illegal aus Abfallbeh\u00e4ltern der M\u00e4rkte heraus.<\/p>\n<p>\nSp\u00fcrbar seien f\u00fcr die Tafeln hingegen Rabattaktionen wie etwa die sogenannten Rettert\u00fcten von Lidl, die mit weniger ansehnlichem, aber uneingeschr\u00e4nkt genie\u00dfbarem Obst und Gem\u00fcse best\u00fcckt w\u00fcrden. Derartige Lebensmittel seien fr\u00fcher vermehrt an die Tafeln gegangen, sagte Lampe. \u00abOhne den Effekt solcher Aktionen und der bestehenden Krisen auf unser Angebot exakt beziffern zu k\u00f6nnen, w\u00fcrde ich schon sagen, dass wir mancherorts zwischen zehn und zwanzig Prozent weniger Lebensmittel beziehen als in Vorkrisen-Zeiten.\u00bb<\/p>\n<p>\nGerade in l\u00e4ndlich strukturierten Gemeinden mit einer geringeren Dichte an Lebensmittelm\u00e4rkten sei eine r\u00fcckl\u00e4ufige Belieferung der Tafeln feststellbar. \u00abIn den gro\u00dfen St\u00e4dten sind das Lebensmittelangebot und die Zahl der H\u00e4ndler hingegen so gro\u00df, dass wir kaum einen Effekt merken\u00bb, betonte Lampe.<\/p>\n<p>\nBundesjustizminister Buschmann und Bundesern\u00e4hrungsminister \u00d6zdemir wollen die Strafen f\u00fcr das Containern abschaffen. Wer noch ess- oder trinkbare Lebensmittel aus M\u00fcllcontainern heraussuche, soll fortan nicht mehr belangt werden, sofern dabei keine anderen Straftaten wie Hausfriedensbruch oder Sachbesch\u00e4digung begangen werden. Beide Minister unterst\u00fctzen einen Vorschlag des Bundeslandes Hamburg, der eine Erg\u00e4nzung der Richtlinien f\u00fcr Straf- und Bu\u00dfgeldverfahren vorsieht. F\u00fcr diese Richtlinien sind die Bundesl\u00e4nder zust\u00e4ndig.<\/p>\n<p>Kirche-Oldenburg<br \/>\n<a href=\"https:\/\/www.kirche-oldenburg.de\/\/aktuell\/news-niedersachsen\/artikel\/tafel-vorsitzender-containern-ist-keine-konkurrenz\" target=\"_blank\" rel=\"noopener\">Tafel-Vorsitzender: Containern ist keine Konkurrenz<\/a><\/p>\n","protected":false},"excerpt":{"rendered":"<p>Hannover\/Bremen (epd). Der Vorsitzende der Tafeln in Niedersachsen und Bremen, Uwe Lampe, steht der von Bundesjustizminister Marco Buschmann (FDP) und Agrarminister Cem \u00d6zdemir (Gr\u00fcne) vorgeschlagenen Legalisierung des sogenannten Containerns offen gegen\u00fcber. \u00abDas Containern macht den Tafeln nicht das Leben schwer, da besteht keine Konkurrenz\u00bb, sagte Lampe am Dienstag dem Evangelischen Pressedienst (epd). Der Anteil der vom Handel entsorgten Lebensmittel, die auf das Containern entfielen, mache ohnehin nur einen Bruchteil der Mengen aus, die aus den Superm\u00e4rkten von den Tafeln abgeholt w\u00fcrden, sagte Lampe. \u00abDas f\u00e4llt unter dem Strich nicht ins Gewicht.\u00bb Beim Containern holen Menschen weggeworfene, aber noch genie\u00dfbare Lebensmittel&#8230;<\/p>\n","protected":false},"author":7,"featured_media":0,"comment_status":"false","ping_status":"open","sticky":false,"template":"","format":"standard","meta":{"footnotes":""},"categories":[43],"tags":[44],"class_list":["post-23100","post","type-post","status-publish","format-standard","hentry","category-kirche-oldenburg","tag-kirche-oldenburg"],"_links":{"self":[{"href":"https:\/\/christusnews.de\/site\/wp-json\/wp\/v2\/posts\/23100","targetHints":{"allow":["GET"]}}],"collection":[{"href":"https:\/\/christusnews.de\/site\/wp-json\/wp\/v2\/posts"}],"about":[{"href":"https:\/\/christusnews.de\/site\/wp-json\/wp\/v2\/types\/post"}],"author":[{"embeddable":true,"href":"https:\/\/christusnews.de\/site\/wp-json\/wp\/v2\/users\/7"}],"replies":[{"embeddable":true,"href":"https:\/\/christusnews.de\/site\/wp-json\/wp\/v2\/comments?post=23100"}],"version-history":[{"count":1,"href":"https:\/\/christusnews.de\/site\/wp-json\/wp\/v2\/posts\/23100\/revisions"}],"predecessor-version":[{"id":23101,"href":"https:\/\/christusnews.de\/site\/wp-json\/wp\/v2\/posts\/23100\/revisions\/23101"}],"wp:attachment":[{"href":"https:\/\/christusnews.de\/site\/wp-json\/wp\/v2\/media?parent=23100"}],"wp:term":[{"taxonomy":"category","embeddable":true,"href":"https:\/\/christusnews.de\/site\/wp-json\/wp\/v2\/categories?post=23100"},{"taxonomy":"post_tag","embeddable":true,"href":"https:\/\/christusnews.de\/site\/wp-json\/wp\/v2\/tags?post=23100"}],"curies":[{"name":"wp","href":"https:\/\/api.w.org\/{rel}","templated":true}]}}