{"id":23110,"date":"2023-01-13T10:41:57","date_gmt":"2023-01-13T09:41:57","guid":{"rendered":"https:\/\/christusnews.de\/site\/bittere-orangen-ueber-das-leben-und-arbeiten-auf-italiens-apfelsinenplantagen\/"},"modified":"2023-01-13T22:17:29","modified_gmt":"2023-01-13T21:17:29","slug":"bittere-orangen-ueber-das-leben-und-arbeiten-auf-italiens-apfelsinenplantagen","status":"publish","type":"post","link":"https:\/\/christusnews.de\/site\/bittere-orangen-ueber-das-leben-und-arbeiten-auf-italiens-apfelsinenplantagen\/","title":{"rendered":"Bittere Orangen &#8211; \u00dcber das Leben und Arbeiten auf Italiens Apfelsinenplantagen"},"content":{"rendered":"<p>Unter dem Titel \u201eBittere Orangen\u201c deckt eine neue Ausstellung die Lebens- und Arbeitsbedingungen auf S\u00fcditaliens Apfelsinenplantagen auf \u2013 initiiert durch das B\u00fcndnis \u201eOldenburg handelt fair\u201c im Rahmen der Reihe \u201eKoloniale Kontinuit\u00e4ten \u2013 M\u00e4chtig unFair\u201c. Die Fotoausstellung ist das Ergebnis einer dreij\u00e4hrigen Forschung des Autors, Filmemachers und Wissenschaftlers Gilles Reckinger, der immer wieder nach Rosarno, in Italiens Stiefelspitze gelegen, gereist war, um die prek\u00e4re Situation der migrantischen Erntehelferinnen und -helfer zu dokumentieren. Auf leicht verst\u00e4ndliche Weise werden die strukturellen Bedingungen ihrer Lebensgrundlagen zwischen europ\u00e4ischer Migrationspolitik, Preisdruck in der Lebensmittelproduktion und extremer Prekarisierung deutlich gemacht.<\/p>\n<p>Er\u00f6ffnung mit Empfang am 13. Januar um 16 Uhr. Zu Gast: Prof. Dr. habil. Gilles Reckinger.&nbsp;In der Ausstellungser\u00f6ffnung mit Empfang am Freitag, 13. Januar, 16 Uhr, geht es im digitalen Gespr\u00e4ch mit Gilles Reckinger um die Lebenssituation der Migrantinnen und Migranten am Rande der Sklaverei. Es wird diskutiert, wie sich die Situation in den letzten Jahren ver\u00e4ndert hat und was die eigenen Handlungsspielr\u00e4ume vor Ort in Oldenburg sind. Der Eintritt ist frei.<br \/>\nDie Ausstellung ist ab sofort bis Dienstag, 14. Februar, im B\u00fcrgerb\u00fcro Mitte, Pferdemarkt 14 in 26121 Oldenburg, zu sehen. Ge\u00f6ffnet ist von Montag bis Mittwoch von 8 bis 15.30 Uhr, Donnerstag von 8 bis 18 Uhr und Freitag von 8 bis 12 Uhr. Der Eintritt ist frei.<\/p>\n<p>Weitere Informationen gibt es unter www.oldenburg-handelt-fair.de.<br \/>\nDie Ausstellung wird gef\u00f6rdert \u00fcber den Projektfonds \u201eAlle f\u00fcrs Klima\u201c der Stadt Oldenburg und ist eine Kooperation von \u201eOldenburg handelt fair\u201c sowie den verschiedenen Akteuren der Veranstaltungsreihe \u201eKoloniale Kontinuit\u00e4ten. M\u00e4chtig unFair\u201c: \u00d6kumenisches Zentrum Oldenburg e.V., Ev.-Luth. Kirche in Oldenburg, Brot f\u00fcr die Welt, Evangelischen Erwachsenenbildung Niedersachsen, Cine k, Universit\u00e4t Oldenburg, AK Koloniale Kontinuit\u00e4ten Oldenburg und Center for Migration, Education and Cultural Studies.<\/p>\n<p><strong>Kontakt<\/strong><br \/>\nFranziska Beck | Eine Welt-Promotorin<br \/>\nbeck@oezo.de | 0151 2634 3669<\/p>\n<p>\u00d6kumenisches Zentrum Oldenburg e.V. (\u00d6ZO)<br \/>\nKleine Kirchenstra\u00dfe 12<br \/>\n26122 Oldenburg<br \/>\nwww.oezo.de<\/p>\n<p>Kirche-Oldenburg<br \/>\n<a href=\"https:\/\/www.kirche-oldenburg.de\/\/aktuell\/pressemitteilungen\/artikel\/bittere-orangen-ueber-das-leben-und-arbeiten-auf-italiens-apfelsinenplantagen\" target=\"_blank\" rel=\"noopener\">Bittere Orangen &#8211; \u00dcber das Leben und Arbeiten auf Italiens Apfelsinenplantagen<\/a><\/p>\n","protected":false},"excerpt":{"rendered":"<p>Unter dem Titel \u201eBittere Orangen\u201c deckt eine neue Ausstellung die Lebens- und Arbeitsbedingungen auf S\u00fcditaliens Apfelsinenplantagen auf \u2013 initiiert durch das B\u00fcndnis \u201eOldenburg handelt fair\u201c im Rahmen der Reihe \u201eKoloniale Kontinuit\u00e4ten \u2013 M\u00e4chtig unFair\u201c. Die Fotoausstellung ist das Ergebnis einer dreij\u00e4hrigen Forschung des Autors, Filmemachers und Wissenschaftlers Gilles Reckinger, der immer wieder nach Rosarno, in Italiens Stiefelspitze gelegen, gereist war, um die prek\u00e4re Situation der migrantischen Erntehelferinnen und -helfer zu dokumentieren. Auf leicht verst\u00e4ndliche Weise werden die strukturellen Bedingungen ihrer Lebensgrundlagen zwischen europ\u00e4ischer Migrationspolitik, Preisdruck in der Lebensmittelproduktion und extremer Prekarisierung deutlich gemacht. Er\u00f6ffnung mit Empfang am 13. Januar um&#8230;<\/p>\n","protected":false},"author":7,"featured_media":0,"comment_status":"false","ping_status":"open","sticky":false,"template":"","format":"standard","meta":{"footnotes":""},"categories":[43],"tags":[44],"class_list":["post-23110","post","type-post","status-publish","format-standard","hentry","category-kirche-oldenburg","tag-kirche-oldenburg"],"_links":{"self":[{"href":"https:\/\/christusnews.de\/site\/wp-json\/wp\/v2\/posts\/23110","targetHints":{"allow":["GET"]}}],"collection":[{"href":"https:\/\/christusnews.de\/site\/wp-json\/wp\/v2\/posts"}],"about":[{"href":"https:\/\/christusnews.de\/site\/wp-json\/wp\/v2\/types\/post"}],"author":[{"embeddable":true,"href":"https:\/\/christusnews.de\/site\/wp-json\/wp\/v2\/users\/7"}],"replies":[{"embeddable":true,"href":"https:\/\/christusnews.de\/site\/wp-json\/wp\/v2\/comments?post=23110"}],"version-history":[{"count":1,"href":"https:\/\/christusnews.de\/site\/wp-json\/wp\/v2\/posts\/23110\/revisions"}],"predecessor-version":[{"id":23111,"href":"https:\/\/christusnews.de\/site\/wp-json\/wp\/v2\/posts\/23110\/revisions\/23111"}],"wp:attachment":[{"href":"https:\/\/christusnews.de\/site\/wp-json\/wp\/v2\/media?parent=23110"}],"wp:term":[{"taxonomy":"category","embeddable":true,"href":"https:\/\/christusnews.de\/site\/wp-json\/wp\/v2\/categories?post=23110"},{"taxonomy":"post_tag","embeddable":true,"href":"https:\/\/christusnews.de\/site\/wp-json\/wp\/v2\/tags?post=23110"}],"curies":[{"name":"wp","href":"https:\/\/api.w.org\/{rel}","templated":true}]}}