{"id":23116,"date":"2023-01-15T09:53:00","date_gmt":"2023-01-15T08:53:00","guid":{"rendered":"https:\/\/christusnews.de\/site\/theologen-unterstuetzen-friedlichen-protest-im-braunkohlerevier\/"},"modified":"2023-01-17T10:17:24","modified_gmt":"2023-01-17T09:17:24","slug":"theologen-unterstuetzen-friedlichen-protest-im-braunkohlerevier","status":"publish","type":"post","link":"https:\/\/christusnews.de\/site\/theologen-unterstuetzen-friedlichen-protest-im-braunkohlerevier\/","title":{"rendered":"Theologen unterst\u00fctzen friedlichen Protest im Braunkohlerevier"},"content":{"rendered":"<p class=\"MsoPlainText\">L\u00fctzerath\/Osnabr\u00fcck (epd). Theologen aus Deutschland und \u00d6sterreich solidarisieren sich mit dem friedlichen Protest gegen die R\u00e4umung und Abbaggerung des Weilers L\u00fctzerath f\u00fcr die Braunkohlegewinnung. Die rund 20 Erstunterzeichnerinnen und Unterzeichner einer am Samstag ver\u00f6ffentlichten Petition betonen die Bedeutung friedlicher Protestaktionen und fordern ein Moratorium f\u00fcr die R\u00e4umung L\u00fctzeraths. Unter ihnen sind aus Niedersachsen auch die katholischen Theologieprofessoren Andreas Lienkamp von der Universit\u00e4t Osnabr\u00fcck und Stefan Silber von der Universit\u00e4t Vechta.<\/p>\n<p class=\"MsoPlainText\">&nbsp;<\/p>\n<p class=\"MsoPlainText\">\u00abDie Ausweitung des Tagebaus Garzweiler II ist Gewalt gegen zahlreiche Menschen, insbesondere im globalen S\u00fcden, und unsere gesamte Mitsch\u00f6pfung\u00bb, hei\u00dft es in der auf dem Portal \u00aby-nachten.de\u00bb ver\u00f6ffentlichten Petition. Die Ausweitung des Braunkohletagebaus auf L\u00fctzerath sei trotz der Energiekrise nicht notwendig und breche die v\u00f6lkerrechtliche Verpflichtung, das 1,5-Grad- Ziel einzuhalten.<\/p>\n<p class=\"MsoPlainText\">&nbsp;<\/p>\n<p class=\"MsoPlainText\">Die Theologen, Pfarrer, Wissenschaftler und Lehrenden an Universit\u00e4ten verweisen besonders auf die lokale Initiative \u00abKirche(n) im Dorf lassen\u00bb, die seit 2020 kontinuierlich Gottesdienste an der Tagebaukante feiere \u00abund so ihrem Glauben an den Gott des Lebens, der den Schrei der Armen und den Schrei der Erde geh\u00f6rt hat, Ausdruck verleihen\u00bb.<\/p>\n<p class=\"MsoPlainText\">&nbsp;<\/p>\n<p class=\"MsoPlainText\">Die \u00f6kumenische Initiative \u00abKirchen im Dorf lassen\u00bb entstand aus dem lokalen Widerstand gegen den Tagebau in den bedrohten D\u00f6rfern und gegen den Abriss von D\u00f6rfern und ihren Kirchen. Die Initiative ist eine Basisbewegung von Christinnen und Christen, die sich als Teil der lokalen und globalen christlichen Klimabewegung sehen.<\/p>\n<p>Kirche-Oldenburg<br \/>\n<a href=\"https:\/\/www.kirche-oldenburg.de\/\/aktuell\/news-niedersachsen\/artikel\/theologen-unterstuetzen-friedlichen-protest-im-braunkohlerevier\" target=\"_blank\" rel=\"noopener\">Theologen unterst\u00fctzen friedlichen Protest im Braunkohlerevier<\/a><\/p>\n","protected":false},"excerpt":{"rendered":"<p>L\u00fctzerath\/Osnabr\u00fcck (epd). Theologen aus Deutschland und \u00d6sterreich solidarisieren sich mit dem friedlichen Protest gegen die R\u00e4umung und Abbaggerung des Weilers L\u00fctzerath f\u00fcr die Braunkohlegewinnung. Die rund 20 Erstunterzeichnerinnen und Unterzeichner einer am Samstag ver\u00f6ffentlichten Petition betonen die Bedeutung friedlicher Protestaktionen und fordern ein Moratorium f\u00fcr die R\u00e4umung L\u00fctzeraths. Unter ihnen sind aus Niedersachsen auch die katholischen Theologieprofessoren Andreas Lienkamp von der Universit\u00e4t Osnabr\u00fcck und Stefan Silber von der Universit\u00e4t Vechta. &nbsp; \u00abDie Ausweitung des Tagebaus Garzweiler II ist Gewalt gegen zahlreiche Menschen, insbesondere im globalen S\u00fcden, und unsere gesamte Mitsch\u00f6pfung\u00bb, hei\u00dft es in der auf dem Portal \u00aby-nachten.de\u00bb ver\u00f6ffentlichten Petition&#8230;.<\/p>\n","protected":false},"author":7,"featured_media":0,"comment_status":"false","ping_status":"open","sticky":false,"template":"","format":"standard","meta":{"footnotes":""},"categories":[43],"tags":[44],"class_list":["post-23116","post","type-post","status-publish","format-standard","hentry","category-kirche-oldenburg","tag-kirche-oldenburg"],"_links":{"self":[{"href":"https:\/\/christusnews.de\/site\/wp-json\/wp\/v2\/posts\/23116","targetHints":{"allow":["GET"]}}],"collection":[{"href":"https:\/\/christusnews.de\/site\/wp-json\/wp\/v2\/posts"}],"about":[{"href":"https:\/\/christusnews.de\/site\/wp-json\/wp\/v2\/types\/post"}],"author":[{"embeddable":true,"href":"https:\/\/christusnews.de\/site\/wp-json\/wp\/v2\/users\/7"}],"replies":[{"embeddable":true,"href":"https:\/\/christusnews.de\/site\/wp-json\/wp\/v2\/comments?post=23116"}],"version-history":[{"count":1,"href":"https:\/\/christusnews.de\/site\/wp-json\/wp\/v2\/posts\/23116\/revisions"}],"predecessor-version":[{"id":23117,"href":"https:\/\/christusnews.de\/site\/wp-json\/wp\/v2\/posts\/23116\/revisions\/23117"}],"wp:attachment":[{"href":"https:\/\/christusnews.de\/site\/wp-json\/wp\/v2\/media?parent=23116"}],"wp:term":[{"taxonomy":"category","embeddable":true,"href":"https:\/\/christusnews.de\/site\/wp-json\/wp\/v2\/categories?post=23116"},{"taxonomy":"post_tag","embeddable":true,"href":"https:\/\/christusnews.de\/site\/wp-json\/wp\/v2\/tags?post=23116"}],"curies":[{"name":"wp","href":"https:\/\/api.w.org\/{rel}","templated":true}]}}